{"id":2633,"date":"2025-10-28T12:21:06","date_gmt":"2025-10-28T15:21:06","guid":{"rendered":"https:\/\/elpueblonoticia.com.ar\/web\/?p=2633"},"modified":"2025-10-28T12:21:06","modified_gmt":"2025-10-28T15:21:06","slug":"se-oficializo-el-bono-de-70-mil-para-jubilados-de-noviembre-en-cuanto-queda-la-minima","status":"publish","type":"post","link":"https:\/\/elpueblonoticia.com.ar\/web\/2025\/10\/28\/se-oficializo-el-bono-de-70-mil-para-jubilados-de-noviembre-en-cuanto-queda-la-minima\/","title":{"rendered":"Se oficializ\u00f3 el bono de $70 mil para jubilados de noviembre: en cu\u00e1nto queda la m\u00ednima"},"content":{"rendered":"<p><strong>El Ejecutivo public\u00f3 este martes el decreto que establece el pago del Bono Extraordinario Previsional para beneficiarios de prestaciones contributivas y no contributivas de la Administraci\u00f3n Nacional de la Seguridad Social (ANSES) que perciban la m\u00ednima.<\/strong><\/p>\n<p>&nbsp;<\/p>\n<p><strong>El Gobierno oficializ\u00f3 este martes el Bono Extraordinario Previsional de hasta $70 mil\u00a0<\/strong>para jubilados que cobran la m\u00ednima y otros beneficiarios de prestaciones contributivas y no contributivas de la\u00a0<strong>Administraci\u00f3n Nacional de la Seguridad Social (ANSES)<\/strong>\u00a0que se abonar\u00e1 en noviembre, y que se mantiene congelado desde marzo de 2024.<\/p>\n<p>La medida se implement\u00f3 a trav\u00e9s del Decreto 771\/2025, publicado en el Bolet\u00edn Oficial, con las firmas del presidente\u00a0<strong>Javier Milei<\/strong>, el jefe de Gabinete,\u00a0<strong>Guillermo Francos<\/strong>, y la ministra de Capital Humano,\u00a0<strong>Sandra Pettovello<\/strong>.<\/p>\n<article class=\"article-body article-body--first-paragraph\">En el texto explicaron que este bono tiene el objetivo de &#8220;mantener el poder adquisitivo de las prestaciones previsionales de los adultos mayores, evitando as\u00ed que contin\u00faen perdiendo su capacidad de compra&#8221;.<\/p>\n<\/article>\n<article class=\"article-body article-body--first-paragraph\">A ra\u00edz del Decreto N\u00b0 274\/24, informaron que &#8220;se modific\u00f3 la f\u00f3rmula de movilidad jubilatoria, disponi\u00e9ndose la actualizaci\u00f3n mensual de los haberes previsionales desde el mes de julio de 2024, de acuerdo con las variaciones del Nivel General del \u00cdndice de Precios al Consumidor Nacional, publicado por el Instituto Nacional de Estad\u00edsticas y Censos (INDEC)&#8221;.<\/p>\n<\/article>\n<article class=\"article-body article-body--first-paragraph\">El beneficio del bono alcanza tanto a los<strong>\u00a0titulares de prestaciones previsionales de la ANSES<\/strong>, incluyendo jubilaciones, pensiones contributivas y no contributivas, la Pensi\u00f3n Universal para el Adulto Mayor (PUAM) y las pensiones por vejez, invalidez o para madres de siete hijos o m\u00e1s.<\/p>\n<h2 data-mrf-recirculation=\"Links inline\"><strong>Cu\u00e1nto cobran los jubilados en noviembre 2025: todos los montos<\/strong><\/h2>\n<p><strong>ANSES\u00a0<\/strong>aplicar\u00e1 en\u00a0<strong>noviembre de 2025<\/strong>\u00a0un\u00a0<strong>aumento del<\/strong>\u00a0<strong>2,1%<\/strong>\u00a0en las\u00a0<strong>jubilaciones y pensiones<\/strong>, en l\u00ednea con la variaci\u00f3n de precios informada por el\u00a0<strong>Instituto Nacional de Estad\u00edstica y Censos<\/strong>\u00a0(Indec). De este modo, as\u00ed ser\u00e1n los montos a cobrar:<\/p>\n<ul>\n<li><strong>Jubilaci\u00f3n m\u00ednima<\/strong>: $333.150,64, y al sumarse el bono extraordinario de $70.000 el ingreso final ser\u00e1 de $403.150,64.<\/li>\n<li><strong>Jubilaci\u00f3n m\u00e1xima<\/strong>: $2.241.568,43.<\/li>\n<li><strong>PUAM<\/strong>\u00a0(Prestaci\u00f3n Universal para el Adulto Mayor): $266.520,51, a este monto se le suma el bono de $70.000, queda en total $336.520,51.<\/li>\n<li><strong>PNC<\/strong>\u00a0(Pensiones No Contributivas por invalidez o vejez): $233.205,45, a esta cifra se le suma el bono de $70.000, queda en total $303.205,45.<\/li>\n<\/ul>\n<\/article>\n","protected":false},"excerpt":{"rendered":"<p>El Ejecutivo public\u00f3 este martes el decreto que establece el pago del Bono Extraordinario Previsional para beneficiarios de prestaciones contributivas y no contributivas de la Administraci\u00f3n Nacional de la Seguridad Social (ANSES) que perciban la m\u00ednima. &nbsp; El Gobierno oficializ\u00f3 este martes el Bono Extraordinario Previsional de hasta $70 mil\u00a0para jubilados que cobran la m\u00ednima [&hellip;]<\/p>\n","protected":false},"author":2,"featured_media":2634,"comment_status":"open","ping_status":"open","sticky":false,"template":"","format":"standard","meta":{"footnotes":""},"categories":[65],"tags":[],"class_list":{"0":"post-2633","1":"post","2":"type-post","3":"status-publish","4":"format-standard","5":"has-post-thumbnail","7":"category-economia"},"_links":{"self":[{"href":"https:\/\/elpueblonoticia.com.ar\/web\/wp-json\/wp\/v2\/posts\/2633","targetHints":{"allow":["GET"]}}],"collection":[{"href":"https:\/\/elpueblonoticia.com.ar\/web\/wp-json\/wp\/v2\/posts"}],"about":[{"href":"https:\/\/elpueblonoticia.com.ar\/web\/wp-json\/wp\/v2\/types\/post"}],"author":[{"embeddable":true,"href":"https:\/\/elpueblonoticia.com.ar\/web\/wp-json\/wp\/v2\/users\/2"}],"replies":[{"embeddable":true,"href":"https:\/\/elpueblonoticia.com.ar\/web\/wp-json\/wp\/v2\/comments?post=2633"}],"version-history":[{"count":0,"href":"https:\/\/elpueblonoticia.com.ar\/web\/wp-json\/wp\/v2\/posts\/2633\/revisions"}],"wp:featuredmedia":[{"embeddable":true,"href":"https:\/\/elpueblonoticia.com.ar\/web\/wp-json\/wp\/v2\/media\/2634"}],"wp:attachment":[{"href":"https:\/\/elpueblonoticia.com.ar\/web\/wp-json\/wp\/v2\/media?parent=2633"}],"wp:term":[{"taxonomy":"category","embeddable":true,"href":"https:\/\/elpueblonoticia.com.ar\/web\/wp-json\/wp\/v2\/categories?post=2633"},{"taxonomy":"post_tag","embeddable":true,"href":"https:\/\/elpueblonoticia.com.ar\/web\/wp-json\/wp\/v2\/tags?post=2633"}],"curies":[{"name":"wp","href":"https:\/\/api.w.org\/{rel}","templated":true}]}}