{"id":2629,"date":"2025-10-28T11:43:51","date_gmt":"2025-10-28T14:43:51","guid":{"rendered":"https:\/\/elpueblonoticia.com.ar\/web\/?p=2629"},"modified":"2025-10-28T11:43:51","modified_gmt":"2025-10-28T14:43:51","slug":"nueva-comision-de-la-asociacion-de-comercio-industria-y-produccion-de-goya","status":"publish","type":"post","link":"https:\/\/elpueblonoticia.com.ar\/web\/2025\/10\/28\/nueva-comision-de-la-asociacion-de-comercio-industria-y-produccion-de-goya\/","title":{"rendered":"NUEVA COMISI\u00d3N DE LA ASOCIACI\u00d3N DE COMERCIO INDUSTRIA Y PRODUCCI\u00d3N DE GOYA"},"content":{"rendered":"<p><strong>Este lunes 27 de octubre tuvo lugar la realizaci\u00f3n de la Asamblea General Ordinaria de la Asociaci\u00f3n de Comercio, Industria y Producci\u00f3n de Goya, donde se procedi\u00f3 a la renovaci\u00f3n de la comisi\u00f3n directiva.<\/strong><\/p>\n<p>La Asamblea se desarroll\u00f3 conforme a lo establecido en los Estatutos Sociales, y la nueva Comisi\u00f3n Directiva de la Asociaci\u00f3n de Comercio, Industria y Producci\u00f3n de Goya, que regir\u00e1 los destinos de la instituci\u00f3n hasta el 31 de octubre de 2027, qued\u00f3 constituida por los siguientes socios:<\/p>\n<p>Presidente: C\u00e9sar Diego ALMEDA<\/p>\n<p>Vicepresidente 1\u00ba: Juan Pablo BARRIENTOS<\/p>\n<p>Vicepresidente 2\u00ba: Roberto Miguel HERNANDO<\/p>\n<p>Secretaria: Silvia Graciela ESQUIVEL<\/p>\n<p>Pro Secretario: Carlos Iv\u00e1n VILAS<\/p>\n<p>Tesorero: Fernando Andr\u00e9s MART\u00cdNEZ<\/p>\n<p>Protesorero: Ra\u00fal Alfredo VECHIA<\/p>\n<p>Vocal 1\u00ba: Gustavo Martin TABACCHI<\/p>\n<p>Vocal 2\u00ba: Juan Andr\u00e9s MACIAS<\/p>\n<p>Vocal 3\u00ba: Azucena del Valle OCAMPOS<\/p>\n<p>Vocal 4\u00ba: Mauro Ariel FABBRO<\/p>\n<p>Vocal 5\u00ba: Carlos Nicol\u00e1s CARREA<\/p>\n","protected":false},"excerpt":{"rendered":"<p>Este lunes 27 de octubre tuvo lugar la realizaci\u00f3n de la Asamblea General Ordinaria de la Asociaci\u00f3n de Comercio, Industria y Producci\u00f3n de Goya, donde se procedi\u00f3 a la renovaci\u00f3n de la comisi\u00f3n directiva. La Asamblea se desarroll\u00f3 conforme a lo establecido en los Estatutos Sociales, y la nueva Comisi\u00f3n Directiva de la Asociaci\u00f3n de [&hellip;]<\/p>\n","protected":false},"author":2,"featured_media":2630,"comment_status":"open","ping_status":"open","sticky":false,"template":"","format":"standard","meta":{"footnotes":""},"categories":[56],"tags":[],"class_list":{"0":"post-2629","1":"post","2":"type-post","3":"status-publish","4":"format-standard","5":"has-post-thumbnail","7":"category-locales"},"_links":{"self":[{"href":"https:\/\/elpueblonoticia.com.ar\/web\/wp-json\/wp\/v2\/posts\/2629","targetHints":{"allow":["GET"]}}],"collection":[{"href":"https:\/\/elpueblonoticia.com.ar\/web\/wp-json\/wp\/v2\/posts"}],"about":[{"href":"https:\/\/elpueblonoticia.com.ar\/web\/wp-json\/wp\/v2\/types\/post"}],"author":[{"embeddable":true,"href":"https:\/\/elpueblonoticia.com.ar\/web\/wp-json\/wp\/v2\/users\/2"}],"replies":[{"embeddable":true,"href":"https:\/\/elpueblonoticia.com.ar\/web\/wp-json\/wp\/v2\/comments?post=2629"}],"version-history":[{"count":0,"href":"https:\/\/elpueblonoticia.com.ar\/web\/wp-json\/wp\/v2\/posts\/2629\/revisions"}],"wp:featuredmedia":[{"embeddable":true,"href":"https:\/\/elpueblonoticia.com.ar\/web\/wp-json\/wp\/v2\/media\/2630"}],"wp:attachment":[{"href":"https:\/\/elpueblonoticia.com.ar\/web\/wp-json\/wp\/v2\/media?parent=2629"}],"wp:term":[{"taxonomy":"category","embeddable":true,"href":"https:\/\/elpueblonoticia.com.ar\/web\/wp-json\/wp\/v2\/categories?post=2629"},{"taxonomy":"post_tag","embeddable":true,"href":"https:\/\/elpueblonoticia.com.ar\/web\/wp-json\/wp\/v2\/tags?post=2629"}],"curies":[{"name":"wp","href":"https:\/\/api.w.org\/{rel}","templated":true}]}}