{"id":2621,"date":"2025-10-28T11:23:02","date_gmt":"2025-10-28T14:23:02","guid":{"rendered":"https:\/\/elpueblonoticia.com.ar\/web\/?p=2621"},"modified":"2025-10-28T11:23:02","modified_gmt":"2025-10-28T14:23:02","slug":"me-puse-a-disposicion-de-gustavo-valdes-para-trabajar-en-conjunto","status":"publish","type":"post","link":"https:\/\/elpueblonoticia.com.ar\/web\/2025\/10\/28\/me-puse-a-disposicion-de-gustavo-valdes-para-trabajar-en-conjunto\/","title":{"rendered":"&#8220;Me puse a disposici\u00f3n de Gustavo Vald\u00e9s para trabajar en conjunto&#8221;"},"content":{"rendered":"<p>Virginia Gallardo dialog\u00f3 con Canal 5TV de Corrientes tras la consagraci\u00f3n de su elecci\u00f3n como diputada nacional por Corrientes. As\u00ed, afirm\u00f3 estar dispuesta a trabajar en conjunto con el gobierno provincial. \u201cLa gente me pide que no afloje. Ahora empieza la etapa de estudio y armado de equipo\u201d, dijo.<\/p>\n<p>La ahora diputada nacional electa por Corrientes, Virginia Gallardo, habl\u00f3 con Canal 5TV tras el resultado que la consagr\u00f3 como una de las representantes de la provincia en el Congreso de la Naci\u00f3n por La Libertad Avanza.<\/p>\n<p>En este contexto, Gallardo agradeci\u00f3 el acompa\u00f1amiento de los votantes y comparti\u00f3 detalles de su primera conversaci\u00f3n con el gobernador Gustavo Vald\u00e9s: \u201cAcabo de tener una llamada con Gustavo. Me felicit\u00f3 por el triunfo y me imagino que es el inicio de algo positivo. Me puse a disposici\u00f3n para todo lo que podamos trabajar en conjunto de ac\u00e1 en m\u00e1s, m\u00e1s que dispuesta\u201d.<\/p>\n<p>En relaci\u00f3n al escrutinio y la banca obtenida, asegur\u00f3: \u201cYo entr\u00e9 sin expectativas, trat\u00e9 de sumar. Dije \u2018Bueno, que dure por lo menos este tiempo de campa\u00f1a para llevar adelante el mensaje del gobierno\u201d y despu\u00e9s, obviamente puse a disposici\u00f3n mi entrega, mi coraz\u00f3n y pens\u00e1bamos que si hab\u00eda una posibilidad pod\u00eda entrar tercera\u201d,<\/p>\n<p>Adem\u00e1s, a\u00f1adi\u00f3: \u201cLa verdad que ayer, hasta \u00faltimo minuto, estar disputando el podio, aunque perdi\u00e9ramos por un punto (\u2026) Casi me muero de la emoci\u00f3n, no por el resultado en s\u00ed, sino por el apoyo de la gente, que obviamente termin\u00f3 sorprendiendo probablemente a muchos, no fui la excepci\u00f3n, as\u00ed que gracias Corrientes\u201d.<\/p>\n<p><b>El rol de Milei y su figura personal<br \/>\n<\/b><br \/>\nAnte la consulta de si el triunfo responde a su imagen p\u00fablica o al arrastre de Javier Milei, Gallardo respondi\u00f3: \u201cYo creo que es un trabajo en equipo. Creo que votaron, obviamente, por el presidente, por el modelo de pa\u00eds que queremos, La Libertad Avanza, soy su representante\u201d.<\/p>\n<p>Y destac\u00f3: \u201cSoy yo, con todo lo que eso significa para la provincia. Obviamente, yo tampoco lo hice, lo logr\u00e9 sola. Tuve a Isidoro, a la gente que ha salido conmigo a hacer la campa\u00f1a, a todos los liberales, a todos los libertarios, a todos los que han acompa\u00f1ado este proceso, a los fiscales, gracias a los fiscales, gracias a todos los referentes locales del interior\u201d.<\/p>\n<p>Adem\u00e1s, \u201ca la esperanza. Creo que el gran ganador del d\u00eda fue el cambio, fue la esperanza depositada de la gente en nosotros, que apostaron a la figura que ten\u00edan, que era yo, as\u00ed que creo que fue un poquito de todo\u201d.<\/p>\n<p><b>\u201cNo me impusieron nada\u201d<\/b><\/p>\n<p>Gallardo remarc\u00f3 que, durante toda la campa\u00f1a, no recibi\u00f3 imposiciones sobre qu\u00e9 decir o c\u00f3mo actuar: \u201cNo me impusieron nada. Todo lo que dije fue desde el coraz\u00f3n. Es lo mismo que hubiera dicho como ciudadana. Nunca sent\u00ed presi\u00f3n y por eso quiero seguir siendo yo, quiero que se mantenga esa coherencia\u201d.<\/p>\n<p><b>Nueva etapa: estudio, equipo y compromiso<\/b><\/p>\n<p>Sobre sus pr\u00f3ximos pasos, adelant\u00f3: \u201cAhora empieza una nueva etapa, una etapa de estudio, de armar equipo, de prepararme. No va a ser f\u00e1cil, lo s\u00e9, pero me voy a dedicar a fondo. Me lo tomo con mucha responsabilidad. La gente me entrega estampitas, me dice que no afloje, que me cuide\u2026 eso me llega mucho\u201d.<\/p>\n<p><b>V\u00ednculo con el gobierno provincial: di\u00e1logo abierto<\/b><\/p>\n<p>Pese a representar un espacio pol\u00edtico distinto al del gobernador, Gallardo asegur\u00f3 su compromiso de trabajo conjunto: \u201cEstamos para trabajar con todos. Si tengo que tomar un mate, un terer\u00e9 o reunirme con quien sea para mejorar la vida de los correntinos, lo voy a hacer. No tengo problemas con nadie. Mi compromiso es con la gente.\u201d<\/p>\n<p>Radio Sudamericana<\/p>\n","protected":false},"excerpt":{"rendered":"<p>Virginia Gallardo dialog\u00f3 con Canal 5TV de Corrientes tras la consagraci\u00f3n de su elecci\u00f3n como diputada nacional por Corrientes. As\u00ed, afirm\u00f3 estar dispuesta a trabajar en conjunto con el gobierno provincial. \u201cLa gente me pide que no afloje. Ahora empieza la etapa de estudio y armado de equipo\u201d, dijo. La ahora diputada nacional electa por [&hellip;]<\/p>\n","protected":false},"author":2,"featured_media":2622,"comment_status":"open","ping_status":"open","sticky":false,"template":"","format":"standard","meta":{"footnotes":""},"categories":[66],"tags":[],"class_list":{"0":"post-2621","1":"post","2":"type-post","3":"status-publish","4":"format-standard","5":"has-post-thumbnail","7":"category-politica-nacionales"},"_links":{"self":[{"href":"https:\/\/elpueblonoticia.com.ar\/web\/wp-json\/wp\/v2\/posts\/2621","targetHints":{"allow":["GET"]}}],"collection":[{"href":"https:\/\/elpueblonoticia.com.ar\/web\/wp-json\/wp\/v2\/posts"}],"about":[{"href":"https:\/\/elpueblonoticia.com.ar\/web\/wp-json\/wp\/v2\/types\/post"}],"author":[{"embeddable":true,"href":"https:\/\/elpueblonoticia.com.ar\/web\/wp-json\/wp\/v2\/users\/2"}],"replies":[{"embeddable":true,"href":"https:\/\/elpueblonoticia.com.ar\/web\/wp-json\/wp\/v2\/comments?post=2621"}],"version-history":[{"count":0,"href":"https:\/\/elpueblonoticia.com.ar\/web\/wp-json\/wp\/v2\/posts\/2621\/revisions"}],"wp:featuredmedia":[{"embeddable":true,"href":"https:\/\/elpueblonoticia.com.ar\/web\/wp-json\/wp\/v2\/media\/2622"}],"wp:attachment":[{"href":"https:\/\/elpueblonoticia.com.ar\/web\/wp-json\/wp\/v2\/media?parent=2621"}],"wp:term":[{"taxonomy":"category","embeddable":true,"href":"https:\/\/elpueblonoticia.com.ar\/web\/wp-json\/wp\/v2\/categories?post=2621"},{"taxonomy":"post_tag","embeddable":true,"href":"https:\/\/elpueblonoticia.com.ar\/web\/wp-json\/wp\/v2\/tags?post=2621"}],"curies":[{"name":"wp","href":"https:\/\/api.w.org\/{rel}","templated":true}]}}