{"id":2617,"date":"2025-10-28T11:10:14","date_gmt":"2025-10-28T14:10:14","guid":{"rendered":"https:\/\/elpueblonoticia.com.ar\/web\/?p=2617"},"modified":"2025-10-28T11:10:14","modified_gmt":"2025-10-28T14:10:14","slug":"el-intendente-mariano-hormaechea-convoca-a-asamblea-para-renovar-la-co-mu-pe","status":"publish","type":"post","link":"https:\/\/elpueblonoticia.com.ar\/web\/2025\/10\/28\/el-intendente-mariano-hormaechea-convoca-a-asamblea-para-renovar-la-co-mu-pe\/","title":{"rendered":"El Intendente Mariano Hormaechea convoca a Asamblea para renovar la CO.MU.PE."},"content":{"rendered":"<div class=\"uk-article-title\"><strong>Se convoca a las instituciones vinculadas al Concurso Nacional de Pesca del Surub\u00ed a participar de la asamblea a realizarse en el d\u00eda de hoy, martes 28 de octubre, a las 19:30hs, en el Sal\u00f3n de Acuerdos del D.E.M.\u00a0La convocatoria tiene como fin elegir a los nuevos integrantes titulares y suplentes de la Comisi\u00f3n Municipal de Pesca.<\/strong><\/div>\n<div>\n<p>&nbsp;<\/p>\n<\/div>\n","protected":false},"excerpt":{"rendered":"<p>Se convoca a las instituciones vinculadas al Concurso Nacional de Pesca del Surub\u00ed a participar de la asamblea a realizarse en el d\u00eda de hoy, martes 28 de octubre, a las 19:30hs, en el Sal\u00f3n de Acuerdos del D.E.M.\u00a0La convocatoria tiene como fin elegir a los nuevos integrantes titulares y suplentes de la Comisi\u00f3n Municipal [&hellip;]<\/p>\n","protected":false},"author":2,"featured_media":2618,"comment_status":"open","ping_status":"open","sticky":false,"template":"","format":"standard","meta":{"footnotes":""},"categories":[56],"tags":[],"class_list":{"0":"post-2617","1":"post","2":"type-post","3":"status-publish","4":"format-standard","5":"has-post-thumbnail","7":"category-locales"},"_links":{"self":[{"href":"https:\/\/elpueblonoticia.com.ar\/web\/wp-json\/wp\/v2\/posts\/2617","targetHints":{"allow":["GET"]}}],"collection":[{"href":"https:\/\/elpueblonoticia.com.ar\/web\/wp-json\/wp\/v2\/posts"}],"about":[{"href":"https:\/\/elpueblonoticia.com.ar\/web\/wp-json\/wp\/v2\/types\/post"}],"author":[{"embeddable":true,"href":"https:\/\/elpueblonoticia.com.ar\/web\/wp-json\/wp\/v2\/users\/2"}],"replies":[{"embeddable":true,"href":"https:\/\/elpueblonoticia.com.ar\/web\/wp-json\/wp\/v2\/comments?post=2617"}],"version-history":[{"count":0,"href":"https:\/\/elpueblonoticia.com.ar\/web\/wp-json\/wp\/v2\/posts\/2617\/revisions"}],"wp:featuredmedia":[{"embeddable":true,"href":"https:\/\/elpueblonoticia.com.ar\/web\/wp-json\/wp\/v2\/media\/2618"}],"wp:attachment":[{"href":"https:\/\/elpueblonoticia.com.ar\/web\/wp-json\/wp\/v2\/media?parent=2617"}],"wp:term":[{"taxonomy":"category","embeddable":true,"href":"https:\/\/elpueblonoticia.com.ar\/web\/wp-json\/wp\/v2\/categories?post=2617"},{"taxonomy":"post_tag","embeddable":true,"href":"https:\/\/elpueblonoticia.com.ar\/web\/wp-json\/wp\/v2\/tags?post=2617"}],"curies":[{"name":"wp","href":"https:\/\/api.w.org\/{rel}","templated":true}]}}