{"id":2612,"date":"2025-10-28T11:00:05","date_gmt":"2025-10-28T14:00:05","guid":{"rendered":"https:\/\/elpueblonoticia.com.ar\/web\/?p=2612"},"modified":"2025-10-28T11:00:05","modified_gmt":"2025-10-28T14:00:05","slug":"pases-de-factura-en-el-peronismo-tenemos-que-entender-al-votante-de-cordoba-mendoza-y-santa-fe","status":"publish","type":"post","link":"https:\/\/elpueblonoticia.com.ar\/web\/2025\/10\/28\/pases-de-factura-en-el-peronismo-tenemos-que-entender-al-votante-de-cordoba-mendoza-y-santa-fe\/","title":{"rendered":"Pases de factura en el peronismo: \u201cTenemos que entender al votante de C\u00f3rdoba, Mendoza y Santa Fe\u201d"},"content":{"rendered":"<p>NA &#8211; Pases de factura tras la derrota: el kicillofismo critica la estrategia nacional y el kirchnerismo culpa al desdoblamiento en Buenos Aires. \u201cSi no podemos entender qu\u00e9 le pasa al votante de C\u00f3rdoba, Mendoza. Santa Fe y Entre R\u00edos no vamos a ganar nunca m\u00e1s. Pas\u00f3 en 2015 y 2023\u201d, evocaron desde el kicillofismo en di\u00e1logo con la Agencia Noticias Argentinas.<\/p>\n<p>El peronismo bonaerense profundiz\u00f3 su interna tras la derrota por un punto ante La Libertad Avanza (LLA) en las elecciones legislativas de ese distrito, donde el kirchnerismo cuestiona la estrategia del desdoblamiento mientras desde el sector del gobernador Axel Kicillof piden \u201centender qu\u00e9 le pasa al votante de C\u00f3rdoba, Mendoza y Santa Fe\u201d.<\/p>\n<p>\u201cSi no podemos entender qu\u00e9 le pasa al votante de C\u00f3rdoba, Mendoza. Santa Fe y Entre R\u00edos no vamos a ganar nunca m\u00e1s. Pas\u00f3 en 2015 y 2023\u201d, evocaron desde el kicillofismo en di\u00e1logo con la Agencia Noticias Argentinas.<\/p>\n<p>Cerca del gobernador se expresan en esos t\u00e9rminos al saberse ganadores en las elecciones provinciales que se llevaron a cabo el 7 de septiembre, y en las que Fuerza Patria arras\u00f3 con una victoria de 14 puntos ante La Libertad Avanza (LLA), una performance que de todos modos no se vio reflejada en los comicios nacionales de ayer.<\/p>\n<p>\u201cCreemos que yendo a ofrecer lo mismo vamos a cambiar algo. La estrategia nacional fall\u00f3. Perdimos en todos lados\u201d, reprochan desde La Plata, en un gesto que da a entender que la interna con la c\u00fapula kirchnerismo est\u00e1 lejos de aplacarse.<\/p>\n<p>La cuesti\u00f3n del desdoblamiento es justamente el punto sobre el que se paran desde el kirchnerismo para cuestionar a Kicillof, a quien le reprochan haber priorizado los intereses de su gesti\u00f3n por sobre la \u201ccausa\u201d nacional.<\/p>\n<p>Fue la intendenta de Quilmes, Mayra Mendoza, quien volvi\u00f3 agitar las aguas hoy al advertir que en la provincia de Santiago del Estero fue \u201cposible\u201d ganar con una \u201csola elecci\u00f3n\u201d, con lo que cuestion\u00f3 a Kicillof por haber desdoblado los comicios.<\/p>\n<p>\u201cEn Santiago del Estero, 70 por ciento. Con una sola elecci\u00f3n era posible\u201d, expres\u00f3 Mendoza a trav\u00e9s de su cuenta de Instagram, al hacerse eco de la victoria de ayer del candidato oficialista El\u00edas Su\u00e1rez, del espacio del mandatario Gerardo Zamora, en los comicios para gobernador de esa provincia.<\/p>\n<p>Mendoza critic\u00f3 de esa forma la estrategia que hab\u00eda puesto en marcha Kicillof de desdoblar los comicios en contra de los deseos del kirchnerismo, que pujaba por las elecciones concurrentes.<\/p>\n<p>La intendenta de Quilmes, cercana a M\u00e1ximo Kirchner, se hab\u00eda expresado ayer en el mismo sentido al advertir desde sus redes sociales que \u201cel conurbano va a salvar a La Patria y Cristina Kirchner ten\u00eda raz\u00f3n (no importa cu\u00e1ndo leas esto)\u201d, al hacer alusi\u00f3n a la resistencia que hab\u00eda expresado la ex mandataria al desdoblamiento.<\/p>\n<p>En la misma l\u00ednea se hab\u00eda pronunciado la diputada de Uni\u00f3n por la Patria (UxP) Florencia Carignano, quien ayer se\u00f1al\u00f3, sin dar m\u00e1s detalles, que la ex mandataria \u201csiempre tiene raz\u00f3n\u201d.<\/p>\n<p>El jefe comunal de Ensenada, Mario Secco, defendi\u00f3 hoy a los jefes comunales tras la derrota en la provincia de Buenos Aires y cuestion\u00f3 a quienes los quieren usar de \u201cchivo expiatorio\u201d para explicar los resultados.<\/p>\n<p>\u201cEs una barbaridad decir que los intendentes nos borramos\u201d, se quej\u00f3 y dijo que \u201ca veces, cuando hay que buscar un chivo expiatorio quieren agarrar a los intendentes. Me duele tremendamente, porque hacemos un trabajo extraordinario en la provincia de Buenos Aires. Muchas veces se quieren limpiar el traste con nosotros y no quieren reconocer que las estrategias que se llevan adelante no han resultado\u201d, enfatiz\u00f3 Secco.<\/p>\n<p>Y pidi\u00f3 \u201cno hacerse tanto los rulos que todav\u00eda esta para discutirse este elecci\u00f3n, porque no est\u00e1 tan clarita esas 40 cent\u00e9simas de puntos\u201d, en referencia a la distancia de poco menos de un punto entre LLA y Fuerza Patria, con 41,45 y 40,9 por ciento, respectivamente.<\/p>\n","protected":false},"excerpt":{"rendered":"<p>NA &#8211; Pases de factura tras la derrota: el kicillofismo critica la estrategia nacional y el kirchnerismo culpa al desdoblamiento en Buenos Aires. \u201cSi no podemos entender qu\u00e9 le pasa al votante de C\u00f3rdoba, Mendoza. Santa Fe y Entre R\u00edos no vamos a ganar nunca m\u00e1s. Pas\u00f3 en 2015 y 2023\u201d, evocaron desde el kicillofismo [&hellip;]<\/p>\n","protected":false},"author":2,"featured_media":2613,"comment_status":"open","ping_status":"open","sticky":false,"template":"","format":"standard","meta":{"footnotes":""},"categories":[66],"tags":[],"class_list":{"0":"post-2612","1":"post","2":"type-post","3":"status-publish","4":"format-standard","5":"has-post-thumbnail","7":"category-politica-nacionales"},"_links":{"self":[{"href":"https:\/\/elpueblonoticia.com.ar\/web\/wp-json\/wp\/v2\/posts\/2612","targetHints":{"allow":["GET"]}}],"collection":[{"href":"https:\/\/elpueblonoticia.com.ar\/web\/wp-json\/wp\/v2\/posts"}],"about":[{"href":"https:\/\/elpueblonoticia.com.ar\/web\/wp-json\/wp\/v2\/types\/post"}],"author":[{"embeddable":true,"href":"https:\/\/elpueblonoticia.com.ar\/web\/wp-json\/wp\/v2\/users\/2"}],"replies":[{"embeddable":true,"href":"https:\/\/elpueblonoticia.com.ar\/web\/wp-json\/wp\/v2\/comments?post=2612"}],"version-history":[{"count":0,"href":"https:\/\/elpueblonoticia.com.ar\/web\/wp-json\/wp\/v2\/posts\/2612\/revisions"}],"wp:featuredmedia":[{"embeddable":true,"href":"https:\/\/elpueblonoticia.com.ar\/web\/wp-json\/wp\/v2\/media\/2613"}],"wp:attachment":[{"href":"https:\/\/elpueblonoticia.com.ar\/web\/wp-json\/wp\/v2\/media?parent=2612"}],"wp:term":[{"taxonomy":"category","embeddable":true,"href":"https:\/\/elpueblonoticia.com.ar\/web\/wp-json\/wp\/v2\/categories?post=2612"},{"taxonomy":"post_tag","embeddable":true,"href":"https:\/\/elpueblonoticia.com.ar\/web\/wp-json\/wp\/v2\/tags?post=2612"}],"curies":[{"name":"wp","href":"https:\/\/api.w.org\/{rel}","templated":true}]}}