{"id":2608,"date":"2025-10-28T10:53:13","date_gmt":"2025-10-28T13:53:13","guid":{"rendered":"https:\/\/elpueblonoticia.com.ar\/web\/?p=2608"},"modified":"2025-10-28T10:53:13","modified_gmt":"2025-10-28T13:53:13","slug":"monsenor-adolfo-canecin-destaco-la-participacion-ciudadana-y-se-insto-a-los-nuevos-legisladores","status":"publish","type":"post","link":"https:\/\/elpueblonoticia.com.ar\/web\/2025\/10\/28\/monsenor-adolfo-canecin-destaco-la-participacion-ciudadana-y-se-insto-a-los-nuevos-legisladores\/","title":{"rendered":"Monse\u00f1or Adolfo Canec\u00edn destac\u00f3 la participaci\u00f3n ciudadana y se inst\u00f3 a los nuevos legisladores"},"content":{"rendered":"<p>Monse\u00f1or Adolfo Canec\u00edn comparti\u00f3 con la comunidad diocesana un comunicado de la Conferencia Episcopal Argentina, en el que se destac\u00f3 la importancia de la participaci\u00f3n ciudadana y se inst\u00f3 a los nuevos legisladores a trabajar por una sociedad m\u00e1s justa y solidaria.<\/p>\n<p>En el texto, la Conferencia Episcopal Argentina destac\u00f3 el valor de la jornada democr\u00e1tica y agradeci\u00f3 la participaci\u00f3n responsable de la ciudadan\u00eda.<\/p>\n<p>Los pastores del pa\u00eds animaron a los nuevos representantes elegidos a ejercer su funci\u00f3n con sentido de servicio, unidad y compromiso por el bien com\u00fan. Subrayan la necesidad de que las decisiones pol\u00edticas prioricen el di\u00e1logo y la b\u00fasqueda de consensos.<\/p>\n<p>Finalmente, el Episcopado invit\u00f3 a poner una atenci\u00f3n especial en los sectores m\u00e1s pobres y vulnerables de la sociedad, recordando que \u201cla pol\u00edtica es una forma eminente de caridad cuando se orienta al servicio de todos, especialmente de los que m\u00e1s sufren\u201d.<\/p>\n<p>\u2014<br \/>\nEnviado por:<br \/>\nOFICINA DE PRENSA OBISPADO DE GOYA<br \/>\nVisite: www.obispadodegoya.org.ar<br \/>\nEmail:\u00a0prensaobispadodegoya@gmail.com<\/p>\n","protected":false},"excerpt":{"rendered":"<p>Monse\u00f1or Adolfo Canec\u00edn comparti\u00f3 con la comunidad diocesana un comunicado de la Conferencia Episcopal Argentina, en el que se destac\u00f3 la importancia de la participaci\u00f3n ciudadana y se inst\u00f3 a los nuevos legisladores a trabajar por una sociedad m\u00e1s justa y solidaria. En el texto, la Conferencia Episcopal Argentina destac\u00f3 el valor de la jornada [&hellip;]<\/p>\n","protected":false},"author":2,"featured_media":2609,"comment_status":"open","ping_status":"open","sticky":false,"template":"","format":"standard","meta":{"footnotes":""},"categories":[78],"tags":[],"class_list":{"0":"post-2608","1":"post","2":"type-post","3":"status-publish","4":"format-standard","5":"has-post-thumbnail","7":"category-generales"},"_links":{"self":[{"href":"https:\/\/elpueblonoticia.com.ar\/web\/wp-json\/wp\/v2\/posts\/2608","targetHints":{"allow":["GET"]}}],"collection":[{"href":"https:\/\/elpueblonoticia.com.ar\/web\/wp-json\/wp\/v2\/posts"}],"about":[{"href":"https:\/\/elpueblonoticia.com.ar\/web\/wp-json\/wp\/v2\/types\/post"}],"author":[{"embeddable":true,"href":"https:\/\/elpueblonoticia.com.ar\/web\/wp-json\/wp\/v2\/users\/2"}],"replies":[{"embeddable":true,"href":"https:\/\/elpueblonoticia.com.ar\/web\/wp-json\/wp\/v2\/comments?post=2608"}],"version-history":[{"count":0,"href":"https:\/\/elpueblonoticia.com.ar\/web\/wp-json\/wp\/v2\/posts\/2608\/revisions"}],"wp:featuredmedia":[{"embeddable":true,"href":"https:\/\/elpueblonoticia.com.ar\/web\/wp-json\/wp\/v2\/media\/2609"}],"wp:attachment":[{"href":"https:\/\/elpueblonoticia.com.ar\/web\/wp-json\/wp\/v2\/media?parent=2608"}],"wp:term":[{"taxonomy":"category","embeddable":true,"href":"https:\/\/elpueblonoticia.com.ar\/web\/wp-json\/wp\/v2\/categories?post=2608"},{"taxonomy":"post_tag","embeddable":true,"href":"https:\/\/elpueblonoticia.com.ar\/web\/wp-json\/wp\/v2\/tags?post=2608"}],"curies":[{"name":"wp","href":"https:\/\/api.w.org\/{rel}","templated":true}]}}