{"id":2604,"date":"2025-10-28T10:43:28","date_gmt":"2025-10-28T13:43:28","guid":{"rendered":"https:\/\/elpueblonoticia.com.ar\/web\/?p=2604"},"modified":"2025-10-28T10:43:28","modified_gmt":"2025-10-28T13:43:28","slug":"boca-le-gano-3-1-a-barracas-central-y-dio-un-paso-clave-hacia-la-clasificacion-a-la-copa-libertadores-2026","status":"publish","type":"post","link":"https:\/\/elpueblonoticia.com.ar\/web\/2025\/10\/28\/boca-le-gano-3-1-a-barracas-central-y-dio-un-paso-clave-hacia-la-clasificacion-a-la-copa-libertadores-2026\/","title":{"rendered":"Boca le gan\u00f3 3-1 a Barracas Central y dio un paso clave hacia la clasificaci\u00f3n a la Copa Libertadores 2026"},"content":{"rendered":"<div id=\"modalIntrotext\">Rodrigo Ins\u00faa abri\u00f3 el marcador con un golazo desde 35 metros del arco. Milton Gim\u00e9nez convirti\u00f3 un doblete en el inicio del segundo tiempo y Miguel Merentiel liquid\u00f3 el encuentro.<\/div>\n<div><\/div>\n<div>Boca le gan\u00f3 a Barracas por 3-1 en el estadio Claudio Tapia y dio un paso clave hacia la ansiada clasificaci\u00f3n a la Copa Libertadores 2026. Con este triunfo, el Xeneize pas\u00f3 a ubicar el segundo puesto en la tabla anual de la temporada y depende de s\u00ed mismo para cumplir su m\u00e1ximo objetivo, que es volver a disputar el m\u00e1ximo torneo continental el a\u00f1o que viene.<\/p>\n<p>En conferencia de prensa, Claudio \u00dabeda valor\u00f3 el trabajo del equipo para revertir el marcador. \u201dEs super importante el resultado y mejor la respuesta que tuvo el equipo. Se nos hac\u00eda dif\u00edcil en el primer tiempo en esa formaci\u00f3n de Barracas y con el gol nos pusieron a prueba con su fase defensiva&#8221;, analiz\u00f3 en primera instancia el DT.<\/p>\n<p>La mala noticia para Boca fue la suspensi\u00f3n que se llev\u00f3 Leandro Paredes del duelo contra el Guapo. \u201cNo tener a Leandro en el campo es una l\u00e1stima de cualquier manera. Sab\u00edamos que ibamos a tener ese riesgo y lamentablemente ocurri\u00f3 hoy\u201d, dijo.<\/p>\n<p>El capit\u00e1n del Xeneize fue amonestado y no podr\u00e1 jugar el pr\u00f3ximo encuentro del campeonato contra Estudiantes por acumulaci\u00f3n de amarillas. Su regreso ser\u00e1 ni m\u00e1s ni menos que en el Supercl\u00e1sico ante River en la Bombonera, a disputarse el domingo 9 de septiembre.<\/p><\/div>\n","protected":false},"excerpt":{"rendered":"<p>Rodrigo Ins\u00faa abri\u00f3 el marcador con un golazo desde 35 metros del arco. Milton Gim\u00e9nez convirti\u00f3 un doblete en el inicio del segundo tiempo y Miguel Merentiel liquid\u00f3 el encuentro. Boca le gan\u00f3 a Barracas por 3-1 en el estadio Claudio Tapia y dio un paso clave hacia la ansiada clasificaci\u00f3n a la Copa Libertadores [&hellip;]<\/p>\n","protected":false},"author":2,"featured_media":2605,"comment_status":"open","ping_status":"open","sticky":false,"template":"","format":"standard","meta":{"footnotes":""},"categories":[76],"tags":[],"class_list":{"0":"post-2604","1":"post","2":"type-post","3":"status-publish","4":"format-standard","5":"has-post-thumbnail","7":"category-deportes"},"_links":{"self":[{"href":"https:\/\/elpueblonoticia.com.ar\/web\/wp-json\/wp\/v2\/posts\/2604","targetHints":{"allow":["GET"]}}],"collection":[{"href":"https:\/\/elpueblonoticia.com.ar\/web\/wp-json\/wp\/v2\/posts"}],"about":[{"href":"https:\/\/elpueblonoticia.com.ar\/web\/wp-json\/wp\/v2\/types\/post"}],"author":[{"embeddable":true,"href":"https:\/\/elpueblonoticia.com.ar\/web\/wp-json\/wp\/v2\/users\/2"}],"replies":[{"embeddable":true,"href":"https:\/\/elpueblonoticia.com.ar\/web\/wp-json\/wp\/v2\/comments?post=2604"}],"version-history":[{"count":0,"href":"https:\/\/elpueblonoticia.com.ar\/web\/wp-json\/wp\/v2\/posts\/2604\/revisions"}],"wp:featuredmedia":[{"embeddable":true,"href":"https:\/\/elpueblonoticia.com.ar\/web\/wp-json\/wp\/v2\/media\/2605"}],"wp:attachment":[{"href":"https:\/\/elpueblonoticia.com.ar\/web\/wp-json\/wp\/v2\/media?parent=2604"}],"wp:term":[{"taxonomy":"category","embeddable":true,"href":"https:\/\/elpueblonoticia.com.ar\/web\/wp-json\/wp\/v2\/categories?post=2604"},{"taxonomy":"post_tag","embeddable":true,"href":"https:\/\/elpueblonoticia.com.ar\/web\/wp-json\/wp\/v2\/tags?post=2604"}],"curies":[{"name":"wp","href":"https:\/\/api.w.org\/{rel}","templated":true}]}}