{"id":2600,"date":"2025-10-28T10:32:42","date_gmt":"2025-10-28T13:32:42","guid":{"rendered":"https:\/\/elpueblonoticia.com.ar\/web\/?p=2600"},"modified":"2025-10-28T10:32:42","modified_gmt":"2025-10-28T13:32:42","slug":"lionel-messi-puso-en-duda-su-presencia-en-el-mundial-2026","status":"publish","type":"post","link":"https:\/\/elpueblonoticia.com.ar\/web\/2025\/10\/28\/lionel-messi-puso-en-duda-su-presencia-en-el-mundial-2026\/","title":{"rendered":"Lionel Messi puso en duda su presencia en el Mundial 2026"},"content":{"rendered":"<p>El astro argentino brind\u00f3 una entrevista en la que se refiri\u00f3 a la pr\u00f3xima Copa del mundo y mencion\u00f3 a varios deportistas destacados en otras disciplinas.<\/p>\n<p>El capit\u00e1n de la Selecci\u00f3n argentina, Lionel Messi, puso en duda su participaci\u00f3n en el Mundial 2026 al asegurar que \u00abver\u00e1 si puede estar al cien por ciento\u00bb para definir si disputar\u00e1 el torneo que se llevar\u00e1 a cabo en Estados Unidos, Canad\u00e1 y M\u00e9xico.<\/p>\n<p>En una entrevista para el medio estadounidense NBC, el astro rosarino no solo se refiri\u00f3 a la pr\u00f3xima Copa del Mundo, certamen en el que La Albiceleste buscar\u00e1 defender el t\u00edtulo obtenido en Qatar 2022, sino que tambi\u00e9n mencion\u00f3 a varios deportistas destacados en diversas disciplinas ajenas al f\u00fatbol.<\/p>\n<p>\u00abTengo much\u00edsimas ganas porque es un Mundial. Venimos de ganar el \u00faltimo y poder defenderlo en el campo ser\u00eda espectacular, porque siempre es un sue\u00f1o jugar con la Selecci\u00f3n\u00bb, comenz\u00f3 el ex Barcelona y Paris Saint-Germain.<\/p>\n<p>Asimismo, a\u00f1adi\u00f3: \u00abVa a ser espectacular. Es algo extraordinario poder estar en un Mundial, y me gustar\u00eda estar ac\u00e1, sentirme bien y sentirme parte de la Selecci\u00f3n, si llego. Lo evaluar\u00e9 d\u00eda a d\u00eda en la pretemporada con Inter, ver si puedo estar al cien por cien, serle \u00fatil al grupo y luego tomar\u00e9 una decisi\u00f3n\u00bb.<\/p>\n<p>Si bien en un principio la idea de poder ver a Messi con el elenco nacional en otra cita mundialista luego de la conquistada en el pa\u00eds \u00e1rabe era algo complicado por la edad, lo cierto es que restan poco m\u00e1s de siete meses para poder disfrutar del \u201810\u2019 en otra edici\u00f3n del certamen m\u00e1s importante a nivel selecciones.<\/p>\n<p>Al recordar aquel Mundial en el que venci\u00f3 a Francia en una final hist\u00f3rica, el actual jugador del Inter Miami se\u00f1al\u00f3 lo que signific\u00f3 para el levantar dicho trofeo. \u00abLo que pas\u00e9 y lo que recorr\u00ed para conseguir eso, fue el sue\u00f1o de mi vida, y todo se hizo realidad. Lo que pas\u00e9 con mi familia, mi gente y Argentina\u00bb, afirm\u00f3.<\/p>\n<p>Por otro lado, el rosarino extendi\u00f3 su v\u00ednculo con Las Garzas hasta 2028, dejando en claro que se encuentra en un gran estado de forma. En la actual campa\u00f1a de la Major League Soccer (MLS), la liga de Estados Unidos, convirti\u00f3 29 goles y reparti\u00f3 16 asistencias en 28 partidos disputados. \u00abSiempre dije que me baso en c\u00f3mo estoy, en el d\u00eda a d\u00eda, en c\u00f3mo me siento f\u00edsicamente y mentalmente para seguir jugando y seguir siendo parte de este club. Me sent\u00ed muy bien durante el a\u00f1o, me siento feliz viviendo en Miami al igual que mi familia\u00bb, reconoci\u00f3.<\/p>\n<p>Por \u00faltimo, \u2018La Pulga\u2019 fue consultado por \u00eddolos de la infancia que lo marcaron y no dud\u00f3 en responder. \u00abObviamente para nosotros los argentinos Maradona siempre fue nuestro m\u00e1ximo \u00eddolo y m\u00e1xima admiraci\u00f3n por todo lo que signific\u00f3, si bien yo era chiquito y lo vi poco jugar en vivo, Diego trascend\u00eda cualquier cosa\u00bb, se\u00f1al\u00f3.<\/p>\n<p>En la misma l\u00ednea, Messi nombr\u00f3 otras eminencias de otras disciplinas distintas al f\u00fatbol. \u00abPara hablar de otro deporte, pas\u00f3 lo mismo con Michael Jordan, tenistas como Roger Federer, Rafa Nadal, Novak Djokovic, los tres hicieron que la competici\u00f3n fuera mucho m\u00e1s grande que lo que era. Competir durante tanto tiempo por ser el mejor, estar tan cerquita el uno con el otro, hac\u00eda que fuera mucho m\u00e1s fant\u00e1stico todo\u00bb, dijo.<\/p>\n<p>Y concluy\u00f3: \u00abSeguro se me olvidan much\u00edsimos deportistas, pero me quedar\u00eda con ellos. En b\u00e1squet, LeBron James o Stephen Curry, jugadores que le dieron mucho al deporte que hacen, cada uno en lo suyo\u00bb.<\/p>\n","protected":false},"excerpt":{"rendered":"<p>El astro argentino brind\u00f3 una entrevista en la que se refiri\u00f3 a la pr\u00f3xima Copa del mundo y mencion\u00f3 a varios deportistas destacados en otras disciplinas. El capit\u00e1n de la Selecci\u00f3n argentina, Lionel Messi, puso en duda su participaci\u00f3n en el Mundial 2026 al asegurar que \u00abver\u00e1 si puede estar al cien por ciento\u00bb para [&hellip;]<\/p>\n","protected":false},"author":2,"featured_media":2601,"comment_status":"open","ping_status":"open","sticky":false,"template":"","format":"standard","meta":{"footnotes":""},"categories":[78],"tags":[],"class_list":{"0":"post-2600","1":"post","2":"type-post","3":"status-publish","4":"format-standard","5":"has-post-thumbnail","7":"category-generales"},"_links":{"self":[{"href":"https:\/\/elpueblonoticia.com.ar\/web\/wp-json\/wp\/v2\/posts\/2600","targetHints":{"allow":["GET"]}}],"collection":[{"href":"https:\/\/elpueblonoticia.com.ar\/web\/wp-json\/wp\/v2\/posts"}],"about":[{"href":"https:\/\/elpueblonoticia.com.ar\/web\/wp-json\/wp\/v2\/types\/post"}],"author":[{"embeddable":true,"href":"https:\/\/elpueblonoticia.com.ar\/web\/wp-json\/wp\/v2\/users\/2"}],"replies":[{"embeddable":true,"href":"https:\/\/elpueblonoticia.com.ar\/web\/wp-json\/wp\/v2\/comments?post=2600"}],"version-history":[{"count":0,"href":"https:\/\/elpueblonoticia.com.ar\/web\/wp-json\/wp\/v2\/posts\/2600\/revisions"}],"wp:featuredmedia":[{"embeddable":true,"href":"https:\/\/elpueblonoticia.com.ar\/web\/wp-json\/wp\/v2\/media\/2601"}],"wp:attachment":[{"href":"https:\/\/elpueblonoticia.com.ar\/web\/wp-json\/wp\/v2\/media?parent=2600"}],"wp:term":[{"taxonomy":"category","embeddable":true,"href":"https:\/\/elpueblonoticia.com.ar\/web\/wp-json\/wp\/v2\/categories?post=2600"},{"taxonomy":"post_tag","embeddable":true,"href":"https:\/\/elpueblonoticia.com.ar\/web\/wp-json\/wp\/v2\/tags?post=2600"}],"curies":[{"name":"wp","href":"https:\/\/api.w.org\/{rel}","templated":true}]}}