{"id":2588,"date":"2025-10-28T10:02:12","date_gmt":"2025-10-28T13:02:12","guid":{"rendered":"https:\/\/elpueblonoticia.com.ar\/web\/?p=2588"},"modified":"2025-10-28T10:02:12","modified_gmt":"2025-10-28T13:02:12","slug":"quienes-renovaron-hasta-2029-20-diputados-que-lograron-la-reeleccion-y-su-distribucion-por-bloques","status":"publish","type":"post","link":"https:\/\/elpueblonoticia.com.ar\/web\/2025\/10\/28\/quienes-renovaron-hasta-2029-20-diputados-que-lograron-la-reeleccion-y-su-distribucion-por-bloques\/","title":{"rendered":"Qui\u00e9nes renovaron hasta 2029: 20 diputados que lograron la reelecci\u00f3n y su distribuci\u00f3n por bloques"},"content":{"rendered":"<div id=\"modalIntrotext\">\n<div>NA &#8211; Veinte Diputados consiguieron su objetivo de mantener su banca hasta el 2029, de los cuales 11 son oficialistas, 8 peronistas y Natalia De La Sota.<\/div>\n<div><\/div>\n<\/div>\n<div>Una veintena de diputados consigui\u00f3 su reelecci\u00f3n para acceder a un nuevo mandato por cuatro a\u00f1os, de los cuales la mayor\u00eda corresponde al peronismo y la Libertad Avanza.<\/p>\n<p>Treintena y cinco legisladores aspiraban a obtener una renovaci\u00f3n de su mandato, pero solo pudieron cumplir su meta 11 diputados de la alianza entre la Libertad Avanza, el PRO y la UCR, 8 del peronismo, y 1 de Defendamos C\u00f3rdoba.<\/p>\n<p>Uno de los principales ganadores de la jornada y que tendr\u00e1 un nuevo mandato es Diego \u201cel Colo\u201d Santilli, quien logr\u00f3 revertir la derrota de la Libertad Avanza en septiembre, y consigui\u00f3 superar por pocos votos a Fuerza Patria.<\/p>\n<p>Tambi\u00e9n consiguieron ingresar por el oficialismo de la provincia de Buenos Aires, Alejandro Finocchiaro y Florencia De Sensi, y Javier S\u00e1nchez Wrba.<\/p>\n<p>Los diputados del oficialismo que continuar\u00e1n hasta 2029 ser\u00e1n el liberal Nicolas Emma, Sabrina Ajchemet del PRO por el distrito porte\u00f1o, el salte\u00f1o de la LLA Carlos Zapata, y la bullrichista de C\u00f3rdoba Laura Rodriguez Machado.<\/p>\n<p>Tambi\u00e9n consiguieron su reelecci\u00f3n, los mendocinos de LLA \u00c1lvaro Mart\u00ednez, y la radical que responde al gobernador Alfredo Cornejo Pamela Verasay, y el rionegrino del PRO An\u00edbal Tortoriello<\/p>\n<p>En el peronismo bonaerense consiguieron su reelecci\u00f3n los sindicalistas Sergio Palazzo, Vanesa Siley, Hugo Yasky y la cristinista Agustina Propato.<\/p>\n<p>En el distrito porte\u00f1o, Itai Hagman obtuvo un nuevo mandato por cuatro a\u00f1os, y renunciar\u00e1 a los dos a\u00f1os restantes de su mandato, con lo cual habilitar\u00e1 el ingreso del camporista Javier Andrade.<\/p>\n<p>Los peronistas que adem\u00e1s lograron su meta de un nuevo mandato fueron la riojana Gabriela Pedreli en La Rioja, la pampeana Varina Lis Mar\u00edn, y la tucumana Gladys Medina del bloque de Independencia.<\/p>\n<p>La idea del gobernador Osvaldo Jaldo que que Medina renuncie a su reelecci\u00f3n ya que tiene dos a\u00f1os de mandato e ingrese en su lugar la diputada Elia Marina Fern\u00e1ndez, quien fue cuarta lugar en la lista que encabez\u00f3 el mandatario.<\/p>\n<p>Una de las diputadas que consigui\u00f3 un nuevo mandato fue Natalia de la Sota, quien se postul\u00f3 enfrentando al oficialismo de su provincia, que encabez\u00f3 el ex gobernador Juan Schiaretti.<\/p>\n<p>En cambio, los legisladores peronistas que no lograron su objetivo fueron el salte\u00f1o Emilio Estrada en Salta, la juje\u00f1a Leila Chaer, el cordob\u00e9s Pablo Carro, el riojano Ricardo Herrera.<\/p>\n<p>Tampoco consiguieron su reelecci\u00f3n los diputados bonaerenses de Encuentro Federal que fueron con el nuevo espacio pol\u00edtico de Provincias Unidas, Florencio Randazzo, Margarita Stolbizer, y Emilio Monz\u00f3.<\/p>\n<p>La chubutense del PRO Ana Clara Romero, la santafesina de Democracia para Siempre, Melina Giorgi, formaron parte de las listas de Provincias Unidas no pudieron conseguir su reelecci\u00f3n.<\/p>\n<p>El cordob\u00e9s Ignacio Garcia Aresca ya se sab\u00eda que tenia pocas posibilidades porque figuraba 5 en las lista de Provincias Unidas.<\/p>\n<p>En cambio ten\u00eda menos expectativa de conseguir su reelecci\u00f3n el cordobes Oscar Agost Carre\u00f1o, quien se present\u00f3 por el PRO, aunque sin ser reconocido por las autoridades que encabeza Mauricio Macri.<\/p>\n<p>En cambio, el diputado de izquierda Juan Carlos Giordano no logr\u00f3 su reelecci\u00f3n pero igual asumir\u00e1 dentro de un a\u00f1o por el sistema de rotaci\u00f3n que tiene esa agrupaci\u00f3n ya que figur\u00f3 tercero en la lista del Frente de Izquierda de la provincia de Buenos Aires.<\/p>\n<p>Otro de los diputados que vieron frustrada su reelecci\u00f3n fueron Ricardo L\u00f3pez Murphy de Republicanos Unidos, y Juan Manuel L\u00f3pez de la Coalici\u00f3n C\u00edvica.<\/p><\/div>\n","protected":false},"excerpt":{"rendered":"<p>NA &#8211; Veinte Diputados consiguieron su objetivo de mantener su banca hasta el 2029, de los cuales 11 son oficialistas, 8 peronistas y Natalia De La Sota. Una veintena de diputados consigui\u00f3 su reelecci\u00f3n para acceder a un nuevo mandato por cuatro a\u00f1os, de los cuales la mayor\u00eda corresponde al peronismo y la Libertad Avanza. [&hellip;]<\/p>\n","protected":false},"author":2,"featured_media":2589,"comment_status":"open","ping_status":"open","sticky":false,"template":"","format":"standard","meta":{"footnotes":""},"categories":[66],"tags":[],"class_list":{"0":"post-2588","1":"post","2":"type-post","3":"status-publish","4":"format-standard","5":"has-post-thumbnail","7":"category-politica-nacionales"},"_links":{"self":[{"href":"https:\/\/elpueblonoticia.com.ar\/web\/wp-json\/wp\/v2\/posts\/2588","targetHints":{"allow":["GET"]}}],"collection":[{"href":"https:\/\/elpueblonoticia.com.ar\/web\/wp-json\/wp\/v2\/posts"}],"about":[{"href":"https:\/\/elpueblonoticia.com.ar\/web\/wp-json\/wp\/v2\/types\/post"}],"author":[{"embeddable":true,"href":"https:\/\/elpueblonoticia.com.ar\/web\/wp-json\/wp\/v2\/users\/2"}],"replies":[{"embeddable":true,"href":"https:\/\/elpueblonoticia.com.ar\/web\/wp-json\/wp\/v2\/comments?post=2588"}],"version-history":[{"count":0,"href":"https:\/\/elpueblonoticia.com.ar\/web\/wp-json\/wp\/v2\/posts\/2588\/revisions"}],"wp:featuredmedia":[{"embeddable":true,"href":"https:\/\/elpueblonoticia.com.ar\/web\/wp-json\/wp\/v2\/media\/2589"}],"wp:attachment":[{"href":"https:\/\/elpueblonoticia.com.ar\/web\/wp-json\/wp\/v2\/media?parent=2588"}],"wp:term":[{"taxonomy":"category","embeddable":true,"href":"https:\/\/elpueblonoticia.com.ar\/web\/wp-json\/wp\/v2\/categories?post=2588"},{"taxonomy":"post_tag","embeddable":true,"href":"https:\/\/elpueblonoticia.com.ar\/web\/wp-json\/wp\/v2\/tags?post=2588"}],"curies":[{"name":"wp","href":"https:\/\/api.w.org\/{rel}","templated":true}]}}