{"id":2584,"date":"2025-10-28T09:52:59","date_gmt":"2025-10-28T12:52:59","guid":{"rendered":"https:\/\/elpueblonoticia.com.ar\/web\/?p=2584"},"modified":"2025-10-28T09:52:59","modified_gmt":"2025-10-28T12:52:59","slug":"juan-pablo-valdes-me-parecio-acertado-que-el-presidente-convoque-al-dialogo-y-espero-que-sea-una-convocatoria-real","status":"publish","type":"post","link":"https:\/\/elpueblonoticia.com.ar\/web\/2025\/10\/28\/juan-pablo-valdes-me-parecio-acertado-que-el-presidente-convoque-al-dialogo-y-espero-que-sea-una-convocatoria-real\/","title":{"rendered":"Juan Pablo Vald\u00e9s: \u00abMe pareci\u00f3 acertado que el Presidente convoque al di\u00e1logo y espero que sea una convocatoria real\u00bb"},"content":{"rendered":"<p>En di\u00e1logo con Hoja de Ruta del diario El Litoral, el gobernador electo se mostr\u00f3 conforme con los resultados y ratific\u00f3 su compromiso con el di\u00e1logo institucional.<\/p>\n<p>El gobernador electo de Corrientes, Juan Pablo Vald\u00e9s, realiz\u00f3 un primer balance de las elecciones y analiz\u00f3 el escenario pol\u00edtico que se abre a nivel nacional y provincial. En di\u00e1logo con Hoja de Ruta, el mandatario se mostr\u00f3 conforme con los resultados y ratific\u00f3 su compromiso con el di\u00e1logo institucional.<\/p>\n<p>\u201cEstamos muy contentos por el apoyo recibido. Logramos sostener los n\u00fameros de elecciones anteriores y crecer unos cuatro puntos. La gente dej\u00f3 un mensaje claro: no quiere retroceder. Corrientes volvi\u00f3 a mostrar una alta resistencia al kirchnerismo\u201d, expres\u00f3.<\/p>\n<p>En el marco de la nueva composici\u00f3n del Congreso, Vald\u00e9s valor\u00f3 la convocatoria al di\u00e1logo del presidente electo. \u201cEscuch\u00e9 atentamente sus palabras. Me pareci\u00f3 acertado que convoque al di\u00e1logo y espero que sea una convocatoria real. Nosotros estamos para construir, queremos que la Argentina crezca y que ese futuro tambi\u00e9n incluya a los correntinos. Vamos a acompa\u00f1ar cuando tengamos informaci\u00f3n clara sobre el rumbo que se tome\u201d, se\u00f1al\u00f3.<\/p>\n<p>Sobre el rol de Provincias Unidas, el frente que integran varios gobiernos provinciales, indic\u00f3 que es momento de reflexi\u00f3n y consolidaci\u00f3n: \u201cHa sido un comienzo alentador. Corrientes pudo sostener el triunfo y ahora tenemos que fortalecer el espacio. Nuestro objetivo es aportar desde una mirada federal, con provincias productivas como Corrientes, C\u00f3rdoba, Santa Fe o Jujuy. No somos un espacio que apoye el kirchnerismo ni que quiera retroceder\u201d.<\/p>\n<p>El mandatario electo adelant\u00f3 que en los pr\u00f3ximos d\u00edas comenzar\u00e1 la transici\u00f3n de gobierno, con reuniones por \u00e1reas. \u201cVamos a trabajar \u00e1rea por \u00e1rea, con equipos que analicen los temas econ\u00f3micos, de salud, educaci\u00f3n y seguridad. Vamos a poner acento en mejorar los servicios y garantizar que el Estado brinde calidad\u201d, explic\u00f3.<\/p>\n<p>Vald\u00e9s tambi\u00e9n expres\u00f3 preocupaci\u00f3n por el estado de las rutas nacionales, en especial la Ruta 12, donde un socav\u00f3n en la zona de It\u00e1 Ibat\u00e9 volvi\u00f3 a exponer la falta de mantenimiento. \u201cEs preocupante el deterioro, sobre todo porque se trata de un tramo con peaje. No puede ser que tengamos que lamentar accidentes para que se act\u00fae\u201d, advirti\u00f3.<\/p>\n<p>Consultado sobre el resultado en Esquina, donde gan\u00f3 el candidato de Esquina Crece, Cristian Olivetti, Vald\u00e9s afirm\u00f3 que mantendr\u00e1 una relaci\u00f3n de trabajo institucional con todos los municipios. \u201cNo voy a hacer diferencias con ning\u00fan intendente. Tenemos que trabajar juntos, m\u00e1s all\u00e1 de los colores pol\u00edticos, para que Corrientes siga creciendo\u201d, sostuvo.<\/p>\n<p>Finalmente, confirm\u00f3 que ya se instal\u00f3 en la capital provincial para coordinar la transici\u00f3n y la conformaci\u00f3n de su gabinete. \u201cEntiendo las responsabilidades que vienen. Es momento de estar presentes y trabajar, sin perder tiempo\u201d, concluy\u00f3.<\/p>\n","protected":false},"excerpt":{"rendered":"<p>En di\u00e1logo con Hoja de Ruta del diario El Litoral, el gobernador electo se mostr\u00f3 conforme con los resultados y ratific\u00f3 su compromiso con el di\u00e1logo institucional. El gobernador electo de Corrientes, Juan Pablo Vald\u00e9s, realiz\u00f3 un primer balance de las elecciones y analiz\u00f3 el escenario pol\u00edtico que se abre a nivel nacional y provincial. [&hellip;]<\/p>\n","protected":false},"author":2,"featured_media":2585,"comment_status":"open","ping_status":"open","sticky":false,"template":"","format":"standard","meta":{"footnotes":""},"categories":[72],"tags":[],"class_list":{"0":"post-2584","1":"post","2":"type-post","3":"status-publish","4":"format-standard","5":"has-post-thumbnail","7":"category-provinciales"},"_links":{"self":[{"href":"https:\/\/elpueblonoticia.com.ar\/web\/wp-json\/wp\/v2\/posts\/2584","targetHints":{"allow":["GET"]}}],"collection":[{"href":"https:\/\/elpueblonoticia.com.ar\/web\/wp-json\/wp\/v2\/posts"}],"about":[{"href":"https:\/\/elpueblonoticia.com.ar\/web\/wp-json\/wp\/v2\/types\/post"}],"author":[{"embeddable":true,"href":"https:\/\/elpueblonoticia.com.ar\/web\/wp-json\/wp\/v2\/users\/2"}],"replies":[{"embeddable":true,"href":"https:\/\/elpueblonoticia.com.ar\/web\/wp-json\/wp\/v2\/comments?post=2584"}],"version-history":[{"count":0,"href":"https:\/\/elpueblonoticia.com.ar\/web\/wp-json\/wp\/v2\/posts\/2584\/revisions"}],"wp:featuredmedia":[{"embeddable":true,"href":"https:\/\/elpueblonoticia.com.ar\/web\/wp-json\/wp\/v2\/media\/2585"}],"wp:attachment":[{"href":"https:\/\/elpueblonoticia.com.ar\/web\/wp-json\/wp\/v2\/media?parent=2584"}],"wp:term":[{"taxonomy":"category","embeddable":true,"href":"https:\/\/elpueblonoticia.com.ar\/web\/wp-json\/wp\/v2\/categories?post=2584"},{"taxonomy":"post_tag","embeddable":true,"href":"https:\/\/elpueblonoticia.com.ar\/web\/wp-json\/wp\/v2\/tags?post=2584"}],"curies":[{"name":"wp","href":"https:\/\/api.w.org\/{rel}","templated":true}]}}