{"id":2571,"date":"2025-10-28T09:31:56","date_gmt":"2025-10-28T12:31:56","guid":{"rendered":"https:\/\/elpueblonoticia.com.ar\/web\/?p=2571"},"modified":"2025-10-28T09:31:56","modified_gmt":"2025-10-28T12:31:56","slug":"este-martes-28-celebraran-la-inclusion-con-inclusionarte-en-la-estacion-de-los-ninos","status":"publish","type":"post","link":"https:\/\/elpueblonoticia.com.ar\/web\/2025\/10\/28\/este-martes-28-celebraran-la-inclusion-con-inclusionarte-en-la-estacion-de-los-ninos\/","title":{"rendered":"ESTE MARTES 28  CELEBRAR\u00c1N LA INCLUSI\u00d3N CON &#8220;INCLUSIONARTE&#8221; EN LA ESTACI\u00d3N DE LOS NI\u00d1OS"},"content":{"rendered":"<p class=\"x_MsoNormal\" data-olk-copy-source=\"MessageBody\">Ya transcurriendo los \u00faltimos d\u00edas de octubre, el Mes de la Plena Inclusi\u00f3n en Goya, se realizar\u00e1 la jornada &#8220;Inclusionarte&#8221;, un evento que propondr\u00e1 arte, creatividad y convivencia.<\/p>\n<p class=\"x_MsoNormal\">\u00a0Este martes 28 de octubre, de 8:30 a 11:30 horas, la Estaci\u00f3n de los Ni\u00f1os (ex Ferrocarril).<\/p>\n<p class=\"x_MsoNormal\" align=\"center\" aria-hidden=\"true\">\n<p class=\"x_MsoNormal\">El evento, organizado por la Secretar\u00eda de Educaci\u00f3n, reunir\u00e1 a las escuelas municipales: \u201cAntonio Villarreal\u201d, \u201cNuestra Se\u00f1ora de Itati\u201d; Escuela de Artes Pl\u00e1sticas \u201cProfesor Justo Guti\u00e9rrez\u201d e Instituto Tecnol\u00f3gico Goya, en una iniciativa conjunta.<\/p>\n<p class=\"x_MsoNormal\" aria-hidden=\"true\">\n<p class=\"x_MsoNormal\">Mariana M\u00e1spero, directora de la Escuela Municipal de Artes Pl\u00e1sticas, coment\u00f3 en declaraciones radiales que la jornada, reprogramada por el clima, se realiza en el marco del Mes de la Plena Inclusi\u00f3n. \u201cLa Escuela de Artes Pl\u00e1sticas siempre participa en este evento, y este a\u00f1o decidimos hacerlo en conjunto con todas las escuelas municipales y el ITG\u201d, explic\u00f3.<\/p>\n<p class=\"x_MsoNormal\" aria-hidden=\"true\">\n<p class=\"x_MsoNormal\">El cambio de ubicaci\u00f3n a la Estaci\u00f3n de los Ni\u00f1os responde a la necesidad de un espacio m\u00e1s amplio. \u201cEn a\u00f1os anteriores, desde la Coordinaci\u00f3n de Discapacidad, invit\u00e1bamos, en el turno Tarde de la Escuela a chicos de la Asociaci\u00f3n para la Integraci\u00f3n de Personas Especiales (APIPE) y varios Centros y se les hac\u00eda una jornada creativa, nos resultaba chico el espacio, de igual modo pas\u00f3 con las Escuelas Itat\u00ed y Villarreal, asistieron como 100 ni\u00f1os a ver temas de cocina, peluquer\u00eda, entonces \u00a0a\u00f1o acordamos con las otras escuelas hacer esta Jornada \u201cInclusionarte\u201d en un espacio abierto, por eso se pens\u00f3 en hacer en la Estaci\u00f3n de los Ni\u00f1os\u201d, dijo la Directora de la EMAP.<\/p>\n<p class=\"x_MsoNormal\" aria-hidden=\"true\">\n<p class=\"x_MsoNormal\">DESFILE Y M\u00daLTIPLES ACTIVIDADES<\/p>\n<p class=\"x_MsoNormal\">La jornada se desarrollar\u00e1 en el and\u00e9n del ex ferrocarril, donde se tiene previsto realizar un colorido desfile con los ni\u00f1os y otras actividades: \u201cEsperamos que el tiempo nos acompa\u00f1e, y ver qu\u00e9 convocatoria tiene la Jornada, porque como ya termina el mes de octubre si no lo hacemos este martes ya no lo podr\u00edamos concretar\u201d, a\u00f1adi\u00f3 la docente art\u00edstica.<\/p>\n<p class=\"x_MsoNormal\" align=\"center\" aria-hidden=\"true\">\n<p class=\"x_MsoNormal\">VISIBILIZANDO ESCUELAS<\/p>\n<p class=\"x_MsoNormal\">\u201cLa idea de la Secretaria de Educaci\u00f3n, Sonia Espina siempre fue visibilizar a las escuelas y mostrar lo que hacemos\u201d, destac\u00f3 Mariana M\u00e1spero. \u201cSi bien todas las escuelas municipales tienen una buena matr\u00edcula, es importante realizar estas jornadas inclusivas donde abarcamos a un p\u00fablico m\u00e1s amplio\u201d.<\/p>\n<p class=\"x_MsoNormal\" aria-hidden=\"true\">\n<p class=\"x_MsoNormal\">Para concluir, se\u00f1al\u00f3: \u201cLa Escuela de Artes Pl\u00e1sticas, adem\u00e1s de su participaci\u00f3n en &#8220;Inclusionarte&#8221;, colabora en la puesta en valor de plazas y otros espacios p\u00fablicos de Goya, como \u201cla Estacion de los Ni\u00f1os\u201d.<\/p>\n<p class=\"x_MsoNormal\" aria-hidden=\"true\">\n","protected":false},"excerpt":{"rendered":"<p>Ya transcurriendo los \u00faltimos d\u00edas de octubre, el Mes de la Plena Inclusi\u00f3n en Goya, se realizar\u00e1 la jornada &#8220;Inclusionarte&#8221;, un evento que propondr\u00e1 arte, creatividad y convivencia. \u00a0Este martes 28 de octubre, de 8:30 a 11:30 horas, la Estaci\u00f3n de los Ni\u00f1os (ex Ferrocarril). El evento, organizado por la Secretar\u00eda de Educaci\u00f3n, reunir\u00e1 a [&hellip;]<\/p>\n","protected":false},"author":2,"featured_media":2572,"comment_status":"open","ping_status":"open","sticky":false,"template":"","format":"standard","meta":{"footnotes":""},"categories":[56],"tags":[],"class_list":{"0":"post-2571","1":"post","2":"type-post","3":"status-publish","4":"format-standard","5":"has-post-thumbnail","7":"category-locales"},"_links":{"self":[{"href":"https:\/\/elpueblonoticia.com.ar\/web\/wp-json\/wp\/v2\/posts\/2571","targetHints":{"allow":["GET"]}}],"collection":[{"href":"https:\/\/elpueblonoticia.com.ar\/web\/wp-json\/wp\/v2\/posts"}],"about":[{"href":"https:\/\/elpueblonoticia.com.ar\/web\/wp-json\/wp\/v2\/types\/post"}],"author":[{"embeddable":true,"href":"https:\/\/elpueblonoticia.com.ar\/web\/wp-json\/wp\/v2\/users\/2"}],"replies":[{"embeddable":true,"href":"https:\/\/elpueblonoticia.com.ar\/web\/wp-json\/wp\/v2\/comments?post=2571"}],"version-history":[{"count":0,"href":"https:\/\/elpueblonoticia.com.ar\/web\/wp-json\/wp\/v2\/posts\/2571\/revisions"}],"wp:featuredmedia":[{"embeddable":true,"href":"https:\/\/elpueblonoticia.com.ar\/web\/wp-json\/wp\/v2\/media\/2572"}],"wp:attachment":[{"href":"https:\/\/elpueblonoticia.com.ar\/web\/wp-json\/wp\/v2\/media?parent=2571"}],"wp:term":[{"taxonomy":"category","embeddable":true,"href":"https:\/\/elpueblonoticia.com.ar\/web\/wp-json\/wp\/v2\/categories?post=2571"},{"taxonomy":"post_tag","embeddable":true,"href":"https:\/\/elpueblonoticia.com.ar\/web\/wp-json\/wp\/v2\/tags?post=2571"}],"curies":[{"name":"wp","href":"https:\/\/api.w.org\/{rel}","templated":true}]}}