{"id":2567,"date":"2025-10-28T09:25:16","date_gmt":"2025-10-28T12:25:16","guid":{"rendered":"https:\/\/elpueblonoticia.com.ar\/web\/?p=2567"},"modified":"2025-10-28T09:25:16","modified_gmt":"2025-10-28T12:25:16","slug":"charla-informativa-sobre-cancer-de-mama-en-el-saps-de-san-ramon","status":"publish","type":"post","link":"https:\/\/elpueblonoticia.com.ar\/web\/2025\/10\/28\/charla-informativa-sobre-cancer-de-mama-en-el-saps-de-san-ramon\/","title":{"rendered":"CHARLA INFORMATIVA SOBRE C\u00c1NCER DE MAMA EN EL SAPS DE SAN RAM\u00d3N"},"content":{"rendered":"<p class=\"x_MsoNormal\" data-olk-copy-source=\"MessageBody\">Ser\u00e1 una charla para toda la comunidad.<\/p>\n<p class=\"x_MsoNormal\">Estudiantes del ISG informar\u00e1n y pacientes compartir\u00e1n sus experiencias.<\/p>\n<p class=\"x_MsoNormal\">Este martes 28 de octubre, a las 9:30 horas, en la Sala de Atenci\u00f3n Primaria de la Salud (SAPS) del barrio San Ram\u00f3n se har\u00e1 una charla informativa sobre el c\u00e1ncer de mama, en las instalaciones del centro de salud primaria, ubicado en Piragine Niveyro 560.<\/p>\n<p class=\"x_MsoNormal\" aria-hidden=\"true\">\n<p class=\"x_MsoNormal\">La charla ser\u00e1 realizada por estudiantes de 3er a\u00f1o de la Tecnicatura Superior de Agente Sanitario y Promotor de Salud del Instituto Superior Goya (ISG), quienes llevar\u00e1n informaci\u00f3n importante a la comunidad.<\/p>\n<p class=\"x_MsoNormal\" align=\"center\" aria-hidden=\"true\">\n<p class=\"x_MsoNormal\">TESTIMONIOS PERSONALES Y PREVENCI\u00d3N<\/p>\n<p class=\"x_MsoNormal\" align=\"center\" aria-hidden=\"true\">\n<p class=\"x_MsoNormal\">El coordinador de la Tecnicatura, Profesor Patricio Cattay, destac\u00f3 en declaraciones radiales la importancia de estas charlas: &#8220;Se trata de un ciclo de charlas y jornadas que viene llevando adelante el docente de pr\u00e1cticas, el licenciado Manuel Sponton, donde no solo los alumnos de tercer a\u00f1o, sino tambi\u00e9n los de segundo, participan activamente&#8221;.<\/p>\n<p class=\"x_MsoNormal\">El Coordinador de la carrera enfatiz\u00f3 que la charla abordar\u00e1 la concientizaci\u00f3n sobre el c\u00e1ncer de mama, ofreciendo informaci\u00f3n clave sobre el cuidado, la prevenci\u00f3n y los pasos a seguir ante la detecci\u00f3n de bultos en las gl\u00e1ndulas mamarias.<\/p>\n<p class=\"x_MsoNormal\" aria-hidden=\"true\">\n<p class=\"x_MsoNormal\">UN ESPACIO PARA TODOS<\/p>\n<p class=\"x_MsoNormal\">\u201cEs importante este tipo de charlas, para prevenir en todas las personas porque existe la creencia que este c\u00e1ncer se presenta solo en mujeres y no es as\u00ed, sino que tambi\u00e9n un hombre puede contraer la enfermedad&#8221; a\u00f1adi\u00f3 Cattay. &#8220;Por lo tanto, invitamos a toda la comunidad de San Ram\u00f3n y sus alrededores a participar en esta jornada informativa&#8221;.<\/p>\n<p class=\"x_MsoNormal\">Un punto culminante de la charla ser\u00e1 la participaci\u00f3n de pacientes mujeres que compartir\u00e1n sus testimonios personales, en tal sentido el profesor subray\u00f3 el valor de estos relatos: \u201cEstos testimonios brindan tranquilidad y esperanza a quienes han sido diagnosticados recientemente o tienen dudas sobre la enfermedad y de c\u00f3mo prevenirla, de si tiene cura o no, esto viene de la mano, no solo de la informaci\u00f3n que expongan los estudiantes en la charla, sino de las experiencias que se presenten, peso es una jornada a la cual invitamos a participar, el martes desde las 9 y 30 horas en la Sala de Atenci\u00f3n Primaria de la Salud \u201cSan Ram\u00f3n\u201d<\/p>\n<p class=\"x_MsoNormal\" aria-hidden=\"true\">\n<p class=\"x_MsoNormal\">La charla es una oportunidad para informarse, resolver dudas y escuchar experiencias<\/p>\n","protected":false},"excerpt":{"rendered":"<p>Ser\u00e1 una charla para toda la comunidad. Estudiantes del ISG informar\u00e1n y pacientes compartir\u00e1n sus experiencias. Este martes 28 de octubre, a las 9:30 horas, en la Sala de Atenci\u00f3n Primaria de la Salud (SAPS) del barrio San Ram\u00f3n se har\u00e1 una charla informativa sobre el c\u00e1ncer de mama, en las instalaciones del centro de [&hellip;]<\/p>\n","protected":false},"author":2,"featured_media":2568,"comment_status":"open","ping_status":"open","sticky":false,"template":"","format":"standard","meta":{"footnotes":""},"categories":[78],"tags":[],"class_list":{"0":"post-2567","1":"post","2":"type-post","3":"status-publish","4":"format-standard","5":"has-post-thumbnail","7":"category-generales"},"_links":{"self":[{"href":"https:\/\/elpueblonoticia.com.ar\/web\/wp-json\/wp\/v2\/posts\/2567","targetHints":{"allow":["GET"]}}],"collection":[{"href":"https:\/\/elpueblonoticia.com.ar\/web\/wp-json\/wp\/v2\/posts"}],"about":[{"href":"https:\/\/elpueblonoticia.com.ar\/web\/wp-json\/wp\/v2\/types\/post"}],"author":[{"embeddable":true,"href":"https:\/\/elpueblonoticia.com.ar\/web\/wp-json\/wp\/v2\/users\/2"}],"replies":[{"embeddable":true,"href":"https:\/\/elpueblonoticia.com.ar\/web\/wp-json\/wp\/v2\/comments?post=2567"}],"version-history":[{"count":0,"href":"https:\/\/elpueblonoticia.com.ar\/web\/wp-json\/wp\/v2\/posts\/2567\/revisions"}],"wp:featuredmedia":[{"embeddable":true,"href":"https:\/\/elpueblonoticia.com.ar\/web\/wp-json\/wp\/v2\/media\/2568"}],"wp:attachment":[{"href":"https:\/\/elpueblonoticia.com.ar\/web\/wp-json\/wp\/v2\/media?parent=2567"}],"wp:term":[{"taxonomy":"category","embeddable":true,"href":"https:\/\/elpueblonoticia.com.ar\/web\/wp-json\/wp\/v2\/categories?post=2567"},{"taxonomy":"post_tag","embeddable":true,"href":"https:\/\/elpueblonoticia.com.ar\/web\/wp-json\/wp\/v2\/tags?post=2567"}],"curies":[{"name":"wp","href":"https:\/\/api.w.org\/{rel}","templated":true}]}}