{"id":2545,"date":"2025-10-27T11:31:08","date_gmt":"2025-10-27T14:31:08","guid":{"rendered":"https:\/\/elpueblonoticia.com.ar\/web\/?p=2545"},"modified":"2025-10-27T11:31:08","modified_gmt":"2025-10-27T14:31:08","slug":"valdes-es-el-unico-gobernador-de-provincias-unidas-que-gano","status":"publish","type":"post","link":"https:\/\/elpueblonoticia.com.ar\/web\/2025\/10\/27\/valdes-es-el-unico-gobernador-de-provincias-unidas-que-gano\/","title":{"rendered":"Vald\u00e9s es el \u00fanico gobernador  de Provincias Unidas que gan\u00f3"},"content":{"rendered":"<p>El frente electoral se present\u00f3 en 16 jurisdicciones y consigui\u00f3 ocho ban\u00adcas. De esta manera, perder\u00e1n as\u00ed po\u00adder de negociaci\u00f3n en el Congreso.<\/p>\n<div>Provincias Unidas tuvo un dif\u00edcil debut en unas elecciones nacionales re\u00adgidas por la polarizaci\u00f3n entre Fuerza Patria y La Li\u00adbertad Avanza, y apenas co\u00adsech\u00f3 un 7,13% de los votos a nivel nacional. La alianza de los gobernadores no lo\u00adgr\u00f3 imponerse en Santa Fe y C\u00f3rdoba, los principales distritos donde deb\u00eda mos\u00adtrar m\u00fasculo pol\u00edtico para apuntalar la alianza rum\u00adbo a 2027, aunque logr\u00f3 un ajustado triunfo en Corrien\u00adtes y ubicar\u00e1 a ocho diputa\u00addos.<\/div>\n<div>\n<div><\/div>\n<div>&#8220;Este fue un paso inicial. Los gobernadores est\u00e1n bien en sus gestiones&#8221;, su\u00adbrayan en el frente que pre\u00adtende minimizar el impacto de las derrotas en la mayor\u00eda de los distritos que ten\u00edan en su \u00f3rbita. Afirman que esta elecci\u00f3n fue, ante todo, un plebiscito a la gesti\u00f3n libertaria, y apuestan a la aprobaci\u00f3n de los goberna\u00addores para seguir constru\u00adyendo una alternativa para la contienda presidencial en 2027.<\/div>\n<\/div>\n<div>\n<div><\/div>\n<div>Gustavo Vald\u00e9s es el \u00fanico territorio en el que el frente de los gobernadores logr\u00f3 una victoria: obtuvo el pri\u00admer puesto con el 33,84% de los votos y una diferen\u00adcia de alrededor 5.000 vo\u00adtos con La Libertad Avanza, que cosech\u00f3 el 32,63%. Con el ajustado resultado, que tiene a Fuerza Patria como tercer protagonista con un 28,43%, las tres bancas en juego en Corrientes se dis\u00adtribuir\u00e1n de manera equi\u00adtativa.<\/div>\n<\/div>\n<div>\n<div><\/div>\n<div>La puja con La Libertad Avanza deriv\u00f3 en un resul\u00adtado adverso en otras dos provincias donde el armado federal auguraba un triunfo. Es el caso de Jujuy, donde el sello violeta se llev\u00f3 el 37,59% de los votos contra el 19,72% de Provincias Uni\u00addas, que llevaba como pri\u00admera candidata a la minis\u00adtra de Ambiente de Carlos Sadir, Mar\u00eda In\u00e9s Zingar\u00e1n. Es la \u00fanica de la n\u00f3mina que ingresar\u00e1 a la C\u00e1mara baja, mientras que las otras dos bancas en juego quedar\u00e1n bajo \u00f3rbita de los libertarios.<\/div>\n<\/div>\n<div>\n<div><\/div>\n<div>La otra derrota inespera\u00adda se dio en C\u00f3rdoba, donde el frente federal se ilusiona\u00adba con imponerse a Gonza\u00adlo Roca, el candidato de La Libertad Avanza. Pronos\u00adticaban una ajustada puja que no fue: los libertarios se quedaron con el primer lugar por una diferencia de alrededor del 14%: el frente de los gobernadores obtuvo un 28,29% frente al 42,38% del partido de Milei, y se lle\u00advar\u00e1 tres bancas. La partici\u00adpaci\u00f3n de Natalia De la Sota en la contienda -que obtuvo el 8,75% e ingresar\u00e1 a la C\u00e1\u00admara baja- habr\u00eda restado apoyos al oficialismo local.<\/div>\n<\/div>\n<div>\n<div><\/div>\n<div>La derrota en C\u00f3rdoba, el segundo distrito m\u00e1s po\u00adpuloso, plante\u00f3 un primer rev\u00e9s para la alianza, que tampoco logr\u00f3 apuntalar su propuesta en Santa Fe. All\u00ed enfrentaba el desaf\u00edo de un peronismo abroquelado y la divisi\u00f3n del voto antikirch\u00adnerista. La candidatura de la vicegobernadora Gisela Scaglia no fue suficiente para conseguir el escenario de tercios que esperaban, y la alianza qued\u00f3 relegada al tercer lugar con un 18,31% de los votos, m\u00e1s del 20% por debajo de La Libertad Avanza (40,68%), que se llevar\u00eda cuatro de las nueve bancas en juego. Fuerza Pa\u00adtria (28,69%) ubicar\u00eda tres diputados y Provincias Uni\u00addas solo dos.<\/div>\n<\/div>\n<div>\n<div><\/div>\n<div>Las provincias patag\u00f3\u00adnicas no lograron sumar al bloque que tendr\u00e1 Provin\u00adcias Unidas en el Congreso a partir del 10 de diciembre. En Chubut la puja nacional entre La Libertad Avanza y el PJ se qued\u00f3 con las dos bancas en disputa -que se distribuir\u00e1n equitativamen\u00adte- y la lista de Ignacio To\u00adrres (20,11%) no lograr\u00e1 re\u00adnovar la banca de Ana Clara Romero. En tanto, en Santa Cruz, tampoco alcanzaron a llevarse ninguna de las bancas.<\/div>\n<div>En la ciudad y provincia de Buenos Aires la cosecha de la alianza fue incluso m\u00e1s magra. En la Caba, Ciu\u00addadanos Unidos termin\u00f3 cuarto, detr\u00e1s de La Liber\u00adtad Avanza, Fuerza Patria y el Frente de Izquierda, con quienes preve\u00edan una puja por el tercer puesto en la previa de la elecci\u00f3n. El re\u00adsultado del 6,01% apenas les alcanz\u00f3 para su\u00adperar el piso y ase\u00adgurar la banca de Mart\u00edn Lousteau.<\/div>\n<\/div>\n<div>\n<div><\/div>\n<div>En territorio bo\u00adnaerense el fren\u00adte que lideraba Florencio Randazzo qued\u00f3 relegado al quinto lugar, y con un 2,45% de los votos no al\u00adcanz\u00f3 a superar el piso para ubicar un legislador. Con este resultado, tanto el ex ministro de Transporte como Margarita Stolbizer y Emilio Monz\u00f3 deber\u00e1n dejar su banca. Tampoco lograron ubicar legisladores en las otras seis provincias donde Provincias Unidas no era oficialismo.s<\/div>\n<\/div>\n","protected":false},"excerpt":{"rendered":"<p>El frente electoral se present\u00f3 en 16 jurisdicciones y consigui\u00f3 ocho ban\u00adcas. De esta manera, perder\u00e1n as\u00ed po\u00adder de negociaci\u00f3n en el Congreso. Provincias Unidas tuvo un dif\u00edcil debut en unas elecciones nacionales re\u00adgidas por la polarizaci\u00f3n entre Fuerza Patria y La Li\u00adbertad Avanza, y apenas co\u00adsech\u00f3 un 7,13% de los votos a nivel nacional. [&hellip;]<\/p>\n","protected":false},"author":2,"featured_media":2546,"comment_status":"open","ping_status":"open","sticky":false,"template":"","format":"standard","meta":{"footnotes":""},"categories":[66],"tags":[],"class_list":{"0":"post-2545","1":"post","2":"type-post","3":"status-publish","4":"format-standard","5":"has-post-thumbnail","7":"category-politica-nacionales"},"_links":{"self":[{"href":"https:\/\/elpueblonoticia.com.ar\/web\/wp-json\/wp\/v2\/posts\/2545","targetHints":{"allow":["GET"]}}],"collection":[{"href":"https:\/\/elpueblonoticia.com.ar\/web\/wp-json\/wp\/v2\/posts"}],"about":[{"href":"https:\/\/elpueblonoticia.com.ar\/web\/wp-json\/wp\/v2\/types\/post"}],"author":[{"embeddable":true,"href":"https:\/\/elpueblonoticia.com.ar\/web\/wp-json\/wp\/v2\/users\/2"}],"replies":[{"embeddable":true,"href":"https:\/\/elpueblonoticia.com.ar\/web\/wp-json\/wp\/v2\/comments?post=2545"}],"version-history":[{"count":0,"href":"https:\/\/elpueblonoticia.com.ar\/web\/wp-json\/wp\/v2\/posts\/2545\/revisions"}],"wp:featuredmedia":[{"embeddable":true,"href":"https:\/\/elpueblonoticia.com.ar\/web\/wp-json\/wp\/v2\/media\/2546"}],"wp:attachment":[{"href":"https:\/\/elpueblonoticia.com.ar\/web\/wp-json\/wp\/v2\/media?parent=2545"}],"wp:term":[{"taxonomy":"category","embeddable":true,"href":"https:\/\/elpueblonoticia.com.ar\/web\/wp-json\/wp\/v2\/categories?post=2545"},{"taxonomy":"post_tag","embeddable":true,"href":"https:\/\/elpueblonoticia.com.ar\/web\/wp-json\/wp\/v2\/tags?post=2545"}],"curies":[{"name":"wp","href":"https:\/\/api.w.org\/{rel}","templated":true}]}}