{"id":2538,"date":"2025-10-27T10:04:04","date_gmt":"2025-10-27T13:04:04","guid":{"rendered":"https:\/\/elpueblonoticia.com.ar\/web\/?p=2538"},"modified":"2025-10-27T10:04:04","modified_gmt":"2025-10-27T13:04:04","slug":"otra-comuna-correntina-cancela-carnaval-para-el-verano-2026","status":"publish","type":"post","link":"https:\/\/elpueblonoticia.com.ar\/web\/2025\/10\/27\/otra-comuna-correntina-cancela-carnaval-para-el-verano-2026\/","title":{"rendered":"Otra comuna correntina cancela carnaval para el verano 2026"},"content":{"rendered":"<p><span style=\"color: #000000;\"><strong><a class=\"etiqueta\" style=\"color: #000000;\" title=\"Info General\" href=\"https:\/\/www.corrienteshoy.com\/info-general\/\">Info General<\/a>\u00a0 \u00a0 \u00a0 \u00a0 \u00a0 \u00a0 \u00a0 \u00a0 \u00a0 \u00a0 \u00a0 \u00a0 \u00a0 \u00a0 \u00a0 \u00a0 \u00a0 \u00a0 \u00a0 \u00a0 \u00a0 \u00a0 \u00a0 \u00a0 \u00a0 \u00a0 \u00a0 \u00a0 \u00a0 \u00a0 \u00a0 \u00a0 <\/strong><\/span>Lunes 27 de Octubre de 2025<\/p>\n<p>Se trata de Sauce. La municipalidad de esa sure\u00f1a ciudad de la provincia comunic\u00f3 junto a las comparsas locales, que no habr\u00e1 carnavales en 2026. El motivo: \u201cLa coyuntura econ\u00f3mica que atraviesa nuestro pa\u00eds\u201d, afirma el comunicado. La ciudad de Mercedes tambi\u00e9n comunic\u00f3 semanas atr\u00e1s que tendr\u00e1 fiesta carnestolenda el a\u00f1o que viene.<\/p>\n<p>La motosierra no se detiene en la provincia de Corrientes, la municipalidad de Sauce comunic\u00f3 que no habr\u00e1 carnavales en el verano 2026, debido a la situaci\u00f3n econ\u00f3mica.<\/p>\n<p>&nbsp;<\/p>\n<p>Se trata de la segunda comuna correntina que cancela el carnaval del a\u00f1o que viene, por cuestiones financieras, los municipios suelen costear gran parte de la log\u00edstica de estos eventos.<\/p>\n<p>Incluso, entregan subsidios a las comparsas para que puedan estar listas antes de los desfiles en las calurosas noches de enero.<\/p>\n<p><img loading=\"lazy\" decoding=\"async\" class=\"alignnone size-medium wp-image-2539\" src=\"https:\/\/elpueblonoticia.com.ar\/web\/wp-content\/uploads\/2025\/10\/o_1761565889_55987-179x300.jpg\" alt=\"\" width=\"179\" height=\"300\" srcset=\"https:\/\/elpueblonoticia.com.ar\/web\/wp-content\/uploads\/2025\/10\/o_1761565889_55987-179x300.jpg 179w, https:\/\/elpueblonoticia.com.ar\/web\/wp-content\/uploads\/2025\/10\/o_1761565889_55987-611x1024.jpg 611w, https:\/\/elpueblonoticia.com.ar\/web\/wp-content\/uploads\/2025\/10\/o_1761565889_55987-251x420.jpg 251w, https:\/\/elpueblonoticia.com.ar\/web\/wp-content\/uploads\/2025\/10\/o_1761565889_55987.jpg 626w\" sizes=\"auto, (max-width: 179px) 100vw, 179px\" \/><\/p>\n","protected":false},"excerpt":{"rendered":"<p>Info General\u00a0 \u00a0 \u00a0 \u00a0 \u00a0 \u00a0 \u00a0 \u00a0 \u00a0 \u00a0 \u00a0 \u00a0 \u00a0 \u00a0 \u00a0 \u00a0 \u00a0 \u00a0 \u00a0 \u00a0 \u00a0 \u00a0 \u00a0 \u00a0 \u00a0 \u00a0 \u00a0 \u00a0 \u00a0 \u00a0 \u00a0 \u00a0 Lunes 27 de Octubre de 2025 Se trata de Sauce. La municipalidad de esa sure\u00f1a ciudad de la provincia comunic\u00f3 junto a [&hellip;]<\/p>\n","protected":false},"author":2,"featured_media":2540,"comment_status":"open","ping_status":"open","sticky":false,"template":"","format":"standard","meta":{"footnotes":""},"categories":[67],"tags":[],"class_list":{"0":"post-2538","1":"post","2":"type-post","3":"status-publish","4":"format-standard","5":"has-post-thumbnail","7":"category-espectaculo"},"_links":{"self":[{"href":"https:\/\/elpueblonoticia.com.ar\/web\/wp-json\/wp\/v2\/posts\/2538","targetHints":{"allow":["GET"]}}],"collection":[{"href":"https:\/\/elpueblonoticia.com.ar\/web\/wp-json\/wp\/v2\/posts"}],"about":[{"href":"https:\/\/elpueblonoticia.com.ar\/web\/wp-json\/wp\/v2\/types\/post"}],"author":[{"embeddable":true,"href":"https:\/\/elpueblonoticia.com.ar\/web\/wp-json\/wp\/v2\/users\/2"}],"replies":[{"embeddable":true,"href":"https:\/\/elpueblonoticia.com.ar\/web\/wp-json\/wp\/v2\/comments?post=2538"}],"version-history":[{"count":0,"href":"https:\/\/elpueblonoticia.com.ar\/web\/wp-json\/wp\/v2\/posts\/2538\/revisions"}],"wp:featuredmedia":[{"embeddable":true,"href":"https:\/\/elpueblonoticia.com.ar\/web\/wp-json\/wp\/v2\/media\/2540"}],"wp:attachment":[{"href":"https:\/\/elpueblonoticia.com.ar\/web\/wp-json\/wp\/v2\/media?parent=2538"}],"wp:term":[{"taxonomy":"category","embeddable":true,"href":"https:\/\/elpueblonoticia.com.ar\/web\/wp-json\/wp\/v2\/categories?post=2538"},{"taxonomy":"post_tag","embeddable":true,"href":"https:\/\/elpueblonoticia.com.ar\/web\/wp-json\/wp\/v2\/tags?post=2538"}],"curies":[{"name":"wp","href":"https:\/\/api.w.org\/{rel}","templated":true}]}}