{"id":2519,"date":"2025-10-27T08:42:48","date_gmt":"2025-10-27T11:42:48","guid":{"rendered":"https:\/\/elpueblonoticia.com.ar\/web\/?p=2519"},"modified":"2025-10-27T08:42:48","modified_gmt":"2025-10-27T11:42:48","slug":"diogenes-gonzalez-gallardo-y-hadad-al-congreso-nacional","status":"publish","type":"post","link":"https:\/\/elpueblonoticia.com.ar\/web\/2025\/10\/27\/diogenes-gonzalez-gallardo-y-hadad-al-congreso-nacional\/","title":{"rendered":"Di\u00f3genes Gonz\u00e1lez, Gallardo y Hadad al Congreso Nacional"},"content":{"rendered":"<p>Al cerrarse los comicios en Corrientes, y con los n\u00fameros parciales, hay un escenario de tercios con los cu\u00e1les Vamos Corrientes, La Libertad Avanza y Fuerza Patria se repartir\u00e1n los esca\u00f1os en juego. As\u00ed las cosas, casi con seguridad ser\u00e1n diputados nacionales Di\u00f3genes Gonz\u00e1lez, Virginia Gallardo y Ra\u00fal Hadad, coinciden los medios capitalinos.<\/p>\n<p>&nbsp;<\/p>\n","protected":false},"excerpt":{"rendered":"<p>Al cerrarse los comicios en Corrientes, y con los n\u00fameros parciales, hay un escenario de tercios con los cu\u00e1les Vamos Corrientes, La Libertad Avanza y Fuerza Patria se repartir\u00e1n los esca\u00f1os en juego. As\u00ed las cosas, casi con seguridad ser\u00e1n diputados nacionales Di\u00f3genes Gonz\u00e1lez, Virginia Gallardo y Ra\u00fal Hadad, coinciden los medios capitalinos. &nbsp;<\/p>\n","protected":false},"author":2,"featured_media":2520,"comment_status":"open","ping_status":"open","sticky":false,"template":"","format":"standard","meta":{"footnotes":""},"categories":[66],"tags":[],"class_list":{"0":"post-2519","1":"post","2":"type-post","3":"status-publish","4":"format-standard","5":"has-post-thumbnail","7":"category-politica-nacionales"},"_links":{"self":[{"href":"https:\/\/elpueblonoticia.com.ar\/web\/wp-json\/wp\/v2\/posts\/2519","targetHints":{"allow":["GET"]}}],"collection":[{"href":"https:\/\/elpueblonoticia.com.ar\/web\/wp-json\/wp\/v2\/posts"}],"about":[{"href":"https:\/\/elpueblonoticia.com.ar\/web\/wp-json\/wp\/v2\/types\/post"}],"author":[{"embeddable":true,"href":"https:\/\/elpueblonoticia.com.ar\/web\/wp-json\/wp\/v2\/users\/2"}],"replies":[{"embeddable":true,"href":"https:\/\/elpueblonoticia.com.ar\/web\/wp-json\/wp\/v2\/comments?post=2519"}],"version-history":[{"count":0,"href":"https:\/\/elpueblonoticia.com.ar\/web\/wp-json\/wp\/v2\/posts\/2519\/revisions"}],"wp:featuredmedia":[{"embeddable":true,"href":"https:\/\/elpueblonoticia.com.ar\/web\/wp-json\/wp\/v2\/media\/2520"}],"wp:attachment":[{"href":"https:\/\/elpueblonoticia.com.ar\/web\/wp-json\/wp\/v2\/media?parent=2519"}],"wp:term":[{"taxonomy":"category","embeddable":true,"href":"https:\/\/elpueblonoticia.com.ar\/web\/wp-json\/wp\/v2\/categories?post=2519"},{"taxonomy":"post_tag","embeddable":true,"href":"https:\/\/elpueblonoticia.com.ar\/web\/wp-json\/wp\/v2\/tags?post=2519"}],"curies":[{"name":"wp","href":"https:\/\/api.w.org\/{rel}","templated":true}]}}