{"id":2515,"date":"2025-10-27T08:02:59","date_gmt":"2025-10-27T11:02:59","guid":{"rendered":"https:\/\/elpueblonoticia.com.ar\/web\/?p=2515"},"modified":"2025-10-27T08:02:59","modified_gmt":"2025-10-27T11:02:59","slug":"tres-personas-resultaron-heridas-en-un-choque-de-motos-en-goya","status":"publish","type":"post","link":"https:\/\/elpueblonoticia.com.ar\/web\/2025\/10\/27\/tres-personas-resultaron-heridas-en-un-choque-de-motos-en-goya\/","title":{"rendered":"Tres personas resultaron heridas en un choque de motos en Goya"},"content":{"rendered":"<div id=\"modalIntrotext\">\n<div>En la ma\u00f1ana de este domingo, minutos despu\u00e9s de las 9, se produjo un accidente de tr\u00e1nsito entre dos motocicletas en la intersecci\u00f3n de avenida Jos\u00e9 Jacinto Rol\u00f3n y Baibiene, en Goya. En el lugar intervinieron bomberos voluntarios, personal de salud, peritos accidentol\u00f3gicos y efectivos de la Comisar\u00eda Seccional Cuarta.<\/div>\n<\/div>\n<div><\/div>\n<div>Los involucrados \u2014identificados como Pablo Ben\u00edtez, domiciliado en el barrio San Ram\u00f3n; Gabriela Mercedes Acosta y Hern\u00e1n Javier Aguirre\u2014 fueron trasladados al Hospital Regional \u201cCamilo Muniagurria\u201d.<\/p>\n<p>Seg\u00fan informaron fuentes del nosocomio, tras recibir curaciones fueron dados de alta Ben\u00edtez y Acosta, mientras que Aguirre permanece internado en observaci\u00f3n.<\/p>\n<div>\nLas lesiones fueron calificadas como de car\u00e1cter leve.-<\/div>\n<\/div>\n","protected":false},"excerpt":{"rendered":"<p>En la ma\u00f1ana de este domingo, minutos despu\u00e9s de las 9, se produjo un accidente de tr\u00e1nsito entre dos motocicletas en la intersecci\u00f3n de avenida Jos\u00e9 Jacinto Rol\u00f3n y Baibiene, en Goya. En el lugar intervinieron bomberos voluntarios, personal de salud, peritos accidentol\u00f3gicos y efectivos de la Comisar\u00eda Seccional Cuarta. Los involucrados \u2014identificados como Pablo [&hellip;]<\/p>\n","protected":false},"author":2,"featured_media":2516,"comment_status":"open","ping_status":"open","sticky":false,"template":"","format":"standard","meta":{"footnotes":""},"categories":[68],"tags":[],"class_list":{"0":"post-2515","1":"post","2":"type-post","3":"status-publish","4":"format-standard","5":"has-post-thumbnail","7":"category-policiales-nacionales"},"_links":{"self":[{"href":"https:\/\/elpueblonoticia.com.ar\/web\/wp-json\/wp\/v2\/posts\/2515","targetHints":{"allow":["GET"]}}],"collection":[{"href":"https:\/\/elpueblonoticia.com.ar\/web\/wp-json\/wp\/v2\/posts"}],"about":[{"href":"https:\/\/elpueblonoticia.com.ar\/web\/wp-json\/wp\/v2\/types\/post"}],"author":[{"embeddable":true,"href":"https:\/\/elpueblonoticia.com.ar\/web\/wp-json\/wp\/v2\/users\/2"}],"replies":[{"embeddable":true,"href":"https:\/\/elpueblonoticia.com.ar\/web\/wp-json\/wp\/v2\/comments?post=2515"}],"version-history":[{"count":0,"href":"https:\/\/elpueblonoticia.com.ar\/web\/wp-json\/wp\/v2\/posts\/2515\/revisions"}],"wp:featuredmedia":[{"embeddable":true,"href":"https:\/\/elpueblonoticia.com.ar\/web\/wp-json\/wp\/v2\/media\/2516"}],"wp:attachment":[{"href":"https:\/\/elpueblonoticia.com.ar\/web\/wp-json\/wp\/v2\/media?parent=2515"}],"wp:term":[{"taxonomy":"category","embeddable":true,"href":"https:\/\/elpueblonoticia.com.ar\/web\/wp-json\/wp\/v2\/categories?post=2515"},{"taxonomy":"post_tag","embeddable":true,"href":"https:\/\/elpueblonoticia.com.ar\/web\/wp-json\/wp\/v2\/tags?post=2515"}],"curies":[{"name":"wp","href":"https:\/\/api.w.org\/{rel}","templated":true}]}}