{"id":2510,"date":"2025-10-27T07:46:04","date_gmt":"2025-10-27T10:46:04","guid":{"rendered":"https:\/\/elpueblonoticia.com.ar\/web\/?p=2510"},"modified":"2025-10-27T07:46:04","modified_gmt":"2025-10-27T10:46:04","slug":"5a-expo-ambiente-y-concurso-botellas-de-amor","status":"publish","type":"post","link":"https:\/\/elpueblonoticia.com.ar\/web\/2025\/10\/27\/5a-expo-ambiente-y-concurso-botellas-de-amor\/","title":{"rendered":"5\u00aa EXPO AMBIENTE Y CONCURSO \u201cBOTELLAS DE AMOR\u201d"},"content":{"rendered":"<p class=\"x_MsoNormal\">\u201cENSE\u00d1AR A CUIDAR EL MEDIO AMBIENTE ES ENSE\u00d1AR A CUIDAR LA VIDA\u201d<\/p>\n<p class=\"x_MsoNormal\" aria-hidden=\"true\">\n<p class=\"x_MsoNormal\">\u201cEnse\u00f1ar a cuidar el medio ambiente es ense\u00f1ar a cuidar la vida\u201d<\/p>\n<p class=\"x_MsoNormal\" aria-hidden=\"true\">\n<p class=\"x_MsoNormal\">La Jornada Ambiental se llevar\u00e1 adelante el 29 de octubre desde las 8 horas en el Multiespacio Ferial Costa Surub\u00ed<\/p>\n<p class=\"x_MsoNormal\" aria-hidden=\"true\">\n<p class=\"x_MsoNormal\">La Municipalidad de Goya organiza este encuentro a trav\u00e9s de las Secretar\u00edas de Producci\u00f3n, de Educaci\u00f3n y las Direcciones de Recursos Naturales y Juventud.<\/p>\n<p class=\"x_MsoNormal\" aria-hidden=\"true\">\n<p class=\"x_MsoNormal\">La 5\u00b0 Expo Ambiente 2025 y el Concurso \u201cBotellas de Amor\u201d se consolidan como espacios de educaci\u00f3n, conciencia ambiental y compromiso ciudadano, fortaleciendo una pol\u00edtica p\u00fablica que Goya sostiene a\u00f1o tras a\u00f1o.<\/p>\n<p class=\"x_MsoNormal\" aria-hidden=\"true\">\n<p class=\"x_MsoNormal\">Para la presente edici\u00f3n se cuenta con 15 proyectos inscriptos, el lunes 27 cierra la inscripci\u00f3n a la Expo Ambiente, junto al Concurso \u201cBotellas de Amor\u201d<\/p>\n<p class=\"x_MsoNormal\">En la Expo Ambiente, el primer premio es de 200.000 pesos en \u00f3rdenes de compra m\u00e1s un parlante con micr\u00f3fono. En Botellas de Amor, los premios son de 100.000, 70.000 y 40.000 pesos respectivamente<\/p>\n<p class=\"x_MsoNormal\" aria-hidden=\"true\">\n<p class=\"x_MsoNormal\">PROGRAMA EXPO AMBIENTE Y BOTELLAS DE AMOR<\/p>\n<p class=\"x_MsoNormal\">La convocatoria es para el mi\u00e9rcoles 29 de octubre, desde las 8 horas, en el Multiespacio Ferial Costa Surub\u00ed.<\/p>\n<p class=\"x_MsoNormal\" aria-hidden=\"true\">\n<p class=\"x_MsoNormal\">08 horas: Acreditaci\u00f3n de las Escuelas Participantes<\/p>\n<p class=\"x_MsoNormal\">10 horas: Apertura de la Exposici\u00f3n, inicio del trabajo evaluador del jurado<\/p>\n<p class=\"x_MsoNormal\">11 horas: Funci\u00f3n de T\u00edteres, espacio abierto a la comunidad: \u201cLa Carpincha Tincha\u201d; Preservaci\u00f3n \u00a0\u00a0\u00a0\u00a0\u00a0\u00a0Ecol\u00f3gica.<\/p>\n<p class=\"x_MsoNormal\" aria-hidden=\"true\">\n<p class=\"x_MsoNormal\">14 y 30 horas: Charla sobre Separaci\u00f3n de residuos y arbolado urbano, a cargo de la Direcci\u00f3n de Recursos Naturales.<\/p>\n<p class=\"x_MsoNormal\" aria-hidden=\"true\">\n<p class=\"x_MsoNormal\">15 y 30 horas: Funci\u00f3n de T\u00edteres, abierta a la comunidad: \u201cLa Nueva Aventura de Huesito y Juancito\u201d mensaje de la amistad y el cuidado ambiental.<\/p>\n<p class=\"x_MsoNormal\" aria-hidden=\"true\">\n<p class=\"x_MsoNormal\">PREMIACI\u00d3N<\/p>\n<p class=\"x_MsoNormal\">17 y 30 horas: Comenzar\u00e1 la premiaci\u00f3n, primero con el Concurso \u201cBotellas de Amor\u201d y luego a la 5\u00aa Expo Ambiente.<\/p>\n<p class=\"x_MsoNormal\" aria-hidden=\"true\">\n<p class=\"x_MsoNormal\" aria-hidden=\"true\">\n<p class=\"x_MsoNormal\">\u201cEnse\u00f1ar a cuidar el medio ambiente es ense\u00f1ar a cuidar la vida\u201d, es el lema convocante a la jornada ambiental programada para el mi\u00e9rcoles 29, en el Predio Costa Surub\u00ed.<\/p>\n","protected":false},"excerpt":{"rendered":"<p>\u201cENSE\u00d1AR A CUIDAR EL MEDIO AMBIENTE ES ENSE\u00d1AR A CUIDAR LA VIDA\u201d \u201cEnse\u00f1ar a cuidar el medio ambiente es ense\u00f1ar a cuidar la vida\u201d La Jornada Ambiental se llevar\u00e1 adelante el 29 de octubre desde las 8 horas en el Multiespacio Ferial Costa Surub\u00ed La Municipalidad de Goya organiza este encuentro a trav\u00e9s de las [&hellip;]<\/p>\n","protected":false},"author":2,"featured_media":2511,"comment_status":"open","ping_status":"open","sticky":false,"template":"","format":"standard","meta":{"footnotes":""},"categories":[78],"tags":[],"class_list":{"0":"post-2510","1":"post","2":"type-post","3":"status-publish","4":"format-standard","5":"has-post-thumbnail","7":"category-generales"},"_links":{"self":[{"href":"https:\/\/elpueblonoticia.com.ar\/web\/wp-json\/wp\/v2\/posts\/2510","targetHints":{"allow":["GET"]}}],"collection":[{"href":"https:\/\/elpueblonoticia.com.ar\/web\/wp-json\/wp\/v2\/posts"}],"about":[{"href":"https:\/\/elpueblonoticia.com.ar\/web\/wp-json\/wp\/v2\/types\/post"}],"author":[{"embeddable":true,"href":"https:\/\/elpueblonoticia.com.ar\/web\/wp-json\/wp\/v2\/users\/2"}],"replies":[{"embeddable":true,"href":"https:\/\/elpueblonoticia.com.ar\/web\/wp-json\/wp\/v2\/comments?post=2510"}],"version-history":[{"count":0,"href":"https:\/\/elpueblonoticia.com.ar\/web\/wp-json\/wp\/v2\/posts\/2510\/revisions"}],"wp:featuredmedia":[{"embeddable":true,"href":"https:\/\/elpueblonoticia.com.ar\/web\/wp-json\/wp\/v2\/media\/2511"}],"wp:attachment":[{"href":"https:\/\/elpueblonoticia.com.ar\/web\/wp-json\/wp\/v2\/media?parent=2510"}],"wp:term":[{"taxonomy":"category","embeddable":true,"href":"https:\/\/elpueblonoticia.com.ar\/web\/wp-json\/wp\/v2\/categories?post=2510"},{"taxonomy":"post_tag","embeddable":true,"href":"https:\/\/elpueblonoticia.com.ar\/web\/wp-json\/wp\/v2\/tags?post=2510"}],"curies":[{"name":"wp","href":"https:\/\/api.w.org\/{rel}","templated":true}]}}