{"id":2504,"date":"2025-10-27T07:42:48","date_gmt":"2025-10-27T10:42:48","guid":{"rendered":"https:\/\/elpueblonoticia.com.ar\/web\/?p=2504"},"modified":"2025-10-27T07:42:48","modified_gmt":"2025-10-27T10:42:48","slug":"goya-crece","status":"publish","type":"post","link":"https:\/\/elpueblonoticia.com.ar\/web\/2025\/10\/27\/goya-crece\/","title":{"rendered":"GOYA CRECE"},"content":{"rendered":"<p data-olk-copy-source=\"MessageBody\"><img loading=\"lazy\" decoding=\"async\" class=\"alignnone size-medium wp-image-2506\" src=\"https:\/\/elpueblonoticia.com.ar\/web\/wp-content\/uploads\/2025\/10\/GOYA-CRECE-Nueva-Costanera-7-300x199.jpg\" alt=\"\" width=\"300\" height=\"199\" srcset=\"https:\/\/elpueblonoticia.com.ar\/web\/wp-content\/uploads\/2025\/10\/GOYA-CRECE-Nueva-Costanera-7-300x199.jpg 300w, https:\/\/elpueblonoticia.com.ar\/web\/wp-content\/uploads\/2025\/10\/GOYA-CRECE-Nueva-Costanera-7-1024x678.jpg 1024w, https:\/\/elpueblonoticia.com.ar\/web\/wp-content\/uploads\/2025\/10\/GOYA-CRECE-Nueva-Costanera-7-768x509.jpg 768w, https:\/\/elpueblonoticia.com.ar\/web\/wp-content\/uploads\/2025\/10\/GOYA-CRECE-Nueva-Costanera-7-1536x1018.jpg 1536w, https:\/\/elpueblonoticia.com.ar\/web\/wp-content\/uploads\/2025\/10\/GOYA-CRECE-Nueva-Costanera-7-634x420.jpg 634w, https:\/\/elpueblonoticia.com.ar\/web\/wp-content\/uploads\/2025\/10\/GOYA-CRECE-Nueva-Costanera-7-696x461.jpg 696w, https:\/\/elpueblonoticia.com.ar\/web\/wp-content\/uploads\/2025\/10\/GOYA-CRECE-Nueva-Costanera-7-1068x708.jpg 1068w, https:\/\/elpueblonoticia.com.ar\/web\/wp-content\/uploads\/2025\/10\/GOYA-CRECE-Nueva-Costanera-7.jpg 1600w\" sizes=\"auto, (max-width: 300px) 100vw, 300px\" \/><img loading=\"lazy\" decoding=\"async\" class=\"alignnone size-medium wp-image-2507\" src=\"https:\/\/elpueblonoticia.com.ar\/web\/wp-content\/uploads\/2025\/10\/GOYA-CRECE-Nueva-Costanera-5-300x199.jpg\" alt=\"\" width=\"300\" height=\"199\" srcset=\"https:\/\/elpueblonoticia.com.ar\/web\/wp-content\/uploads\/2025\/10\/GOYA-CRECE-Nueva-Costanera-5-300x199.jpg 300w, https:\/\/elpueblonoticia.com.ar\/web\/wp-content\/uploads\/2025\/10\/GOYA-CRECE-Nueva-Costanera-5-1024x678.jpg 1024w, https:\/\/elpueblonoticia.com.ar\/web\/wp-content\/uploads\/2025\/10\/GOYA-CRECE-Nueva-Costanera-5-768x509.jpg 768w, https:\/\/elpueblonoticia.com.ar\/web\/wp-content\/uploads\/2025\/10\/GOYA-CRECE-Nueva-Costanera-5-1536x1018.jpg 1536w, https:\/\/elpueblonoticia.com.ar\/web\/wp-content\/uploads\/2025\/10\/GOYA-CRECE-Nueva-Costanera-5-634x420.jpg 634w, https:\/\/elpueblonoticia.com.ar\/web\/wp-content\/uploads\/2025\/10\/GOYA-CRECE-Nueva-Costanera-5-696x461.jpg 696w, https:\/\/elpueblonoticia.com.ar\/web\/wp-content\/uploads\/2025\/10\/GOYA-CRECE-Nueva-Costanera-5-1068x708.jpg 1068w, https:\/\/elpueblonoticia.com.ar\/web\/wp-content\/uploads\/2025\/10\/GOYA-CRECE-Nueva-Costanera-5.jpg 1600w\" sizes=\"auto, (max-width: 300px) 100vw, 300px\" \/><\/p>\n<p class=\"x_MsoNormal\" data-olk-copy-source=\"MessageBody\">Avanzan los trabajos de construcci\u00f3n de la Nueva Costanera Local, el Intendente Mariano Hormaechea en su recorrida observ\u00f3 las obras que pone en valor el lugar hist\u00f3rico de encuentro de los Goyanos.<\/p>\n<p class=\"x_MsoNormal\" aria-hidden=\"true\">\n<p class=\"x_MsoNormal\">\u201cEstamos construyendo un Sue\u00f1o Compartido, con la Fuerza de nuestra gente\u201d Afirmo el Intendente<\/p>\n<p class=\"x_MsoNormal\" aria-hidden=\"true\">\n<p class=\"x_MsoNormal\">Mariano Hormaechea, se\u00f1al\u00f3: \u201cCon esta obra sentimos el orgullo de ver como Goya Crece\u201d<\/p>\n<p class=\"x_MsoNormal\">Para indicar: \u201cLa Nueva Costanera, ser\u00e1 un lugar para encontrarnos, disfrutar y mirar el futuro con esperanza.<\/p>\n<p class=\"x_MsoNormal\">\u201cEstamos construyendo un sue\u00f1o compartido, con la fuerza de nuestra gente\u201d, para asegurar: \u201cGoya avanza hacia adelante.\u201d<\/p>\n<p>&nbsp;<\/p>\n","protected":false},"excerpt":{"rendered":"<p>Avanzan los trabajos de construcci\u00f3n de la Nueva Costanera Local, el Intendente Mariano Hormaechea en su recorrida observ\u00f3 las obras que pone en valor el lugar hist\u00f3rico de encuentro de los Goyanos. \u201cEstamos construyendo un Sue\u00f1o Compartido, con la Fuerza de nuestra gente\u201d Afirmo el Intendente Mariano Hormaechea, se\u00f1al\u00f3: \u201cCon esta obra sentimos el orgullo [&hellip;]<\/p>\n","protected":false},"author":2,"featured_media":2505,"comment_status":"open","ping_status":"open","sticky":false,"template":"","format":"standard","meta":{"footnotes":""},"categories":[56],"tags":[],"class_list":{"0":"post-2504","1":"post","2":"type-post","3":"status-publish","4":"format-standard","5":"has-post-thumbnail","7":"category-locales"},"_links":{"self":[{"href":"https:\/\/elpueblonoticia.com.ar\/web\/wp-json\/wp\/v2\/posts\/2504","targetHints":{"allow":["GET"]}}],"collection":[{"href":"https:\/\/elpueblonoticia.com.ar\/web\/wp-json\/wp\/v2\/posts"}],"about":[{"href":"https:\/\/elpueblonoticia.com.ar\/web\/wp-json\/wp\/v2\/types\/post"}],"author":[{"embeddable":true,"href":"https:\/\/elpueblonoticia.com.ar\/web\/wp-json\/wp\/v2\/users\/2"}],"replies":[{"embeddable":true,"href":"https:\/\/elpueblonoticia.com.ar\/web\/wp-json\/wp\/v2\/comments?post=2504"}],"version-history":[{"count":0,"href":"https:\/\/elpueblonoticia.com.ar\/web\/wp-json\/wp\/v2\/posts\/2504\/revisions"}],"wp:featuredmedia":[{"embeddable":true,"href":"https:\/\/elpueblonoticia.com.ar\/web\/wp-json\/wp\/v2\/media\/2505"}],"wp:attachment":[{"href":"https:\/\/elpueblonoticia.com.ar\/web\/wp-json\/wp\/v2\/media?parent=2504"}],"wp:term":[{"taxonomy":"category","embeddable":true,"href":"https:\/\/elpueblonoticia.com.ar\/web\/wp-json\/wp\/v2\/categories?post=2504"},{"taxonomy":"post_tag","embeddable":true,"href":"https:\/\/elpueblonoticia.com.ar\/web\/wp-json\/wp\/v2\/tags?post=2504"}],"curies":[{"name":"wp","href":"https:\/\/api.w.org\/{rel}","templated":true}]}}