{"id":2479,"date":"2025-10-24T11:47:49","date_gmt":"2025-10-24T14:47:49","guid":{"rendered":"https:\/\/elpueblonoticia.com.ar\/web\/?p=2479"},"modified":"2025-10-24T11:47:49","modified_gmt":"2025-10-24T14:47:49","slug":"en-tiempo-de-elecciones-la-iglesia-recuerda-que-votar-tambien-es-un-compromiso-cristiano","status":"publish","type":"post","link":"https:\/\/elpueblonoticia.com.ar\/web\/2025\/10\/24\/en-tiempo-de-elecciones-la-iglesia-recuerda-que-votar-tambien-es-un-compromiso-cristiano\/","title":{"rendered":"En tiempo de elecciones, la Iglesia recuerda que votar tambi\u00e9n es un compromiso cristiano"},"content":{"rendered":"<p>El obispo de Goya, monse\u00f1or Adolfo Ram\u00f3n Canec\u00edn, comparti\u00f3 con la comunidad diocesana un mensaje titulado \u00abTu voto y tu compromiso, cimiento de nuestra democracia\u00bb, en el que llam\u00f3 a reflexionar sobre el valor de la participaci\u00f3n pol\u00edtica, especialmente en este tiempo de elecciones de medio t\u00e9rmino. A trav\u00e9s de este mensaje, la Iglesia record\u00f3 que la participaci\u00f3n pol\u00edtica constituye una forma concreta de servicio y caridad cristiana, orientada a la construcci\u00f3n de una sociedad m\u00e1s justa, fraterna y solidaria.<\/p>\n<p>El texto fue difundido por el Secretariado Nacional para los Laicos (Seplai), organismo dependiente de la Comisi\u00f3n Episcopal para la Vida, los Laicos, la Familia y la Juventud (Cevilaf), en los d\u00edas previos al acto eleccionario nacional.<\/p>\n<p>Texto completo<\/p>\n<p>Desde el Secretariado de Laicos de la Conferencia Episcopal Argentina, queremos invitar a reflexionar sobre c\u00f3mo participamos en la construcci\u00f3n social de la democracia, especialmente en estas elecciones de medio t\u00e9rmino. La Iglesia nos ense\u00f1a que la participaci\u00f3n pol\u00edtica es una forma de servir y construir una comunidad m\u00e1s justa y solidaria.<\/p>\n<p>A veces, el clima cultural se encuentra impregnado de desconfianza y cansancio hacia la pol\u00edtica y sus actores. Sin embargo, la aut\u00e9ntica vocaci\u00f3n pol\u00edtica, propia de la vocaci\u00f3n laical, es un acto de amor cristiano que busca el bien com\u00fan. Es el compromiso de entregar la vida para crear una sociedad fraterna y justa. En este sentido el Papa Le\u00f3n XIV en \u00abDilexi te\u00bb nos dice: \u00abHago votos, por lo tanto para que crezca el n\u00famero de pol\u00edticos capaces de entrar en un aut\u00e9ntico di\u00e1logo que se oriente eficazmente a sanar las ra\u00edces profundas y no la apariencia de los males de nuestro mundo\u00bb (91).<\/p>\n<p>La pr\u00e1ctica pol\u00edtica recobra su sentido m\u00e1s profundo cuando busca la unidad y prioriza a las personas m\u00e1s vulnerables, promoviendo intereses que beneficien al conjunto. Como dice el Papa Francisco en \u00abFratelli tutti\u00bb, y tambi\u00e9n otros pont\u00edfices, trabajar por el bien com\u00fan y la justicia social es la forma m\u00e1s alta de caridad, cuando la pol\u00edtica est\u00e1 al servicio del amor a las personas en todas sus dimensiones, y no s\u00f3lo de los intereses econ\u00f3micos o tecnol\u00f3gicos.<\/p>\n<p>Francisco tambi\u00e9n nos ense\u00f1a que, para hacer un buen trabajo por nuestro pueblo, hay que partir de las necesidades reales y escuchar a los m\u00e1s vulnerables. La diversidad en la pol\u00edtica enriquece y construye una visi\u00f3n m\u00e1s completa del \u00abnosotros\u00bb.<\/p>\n<p>El testimonio del Papa ha demostrado que el poder es para servir con amor, cercan\u00eda y humildad. Nos anima a ser constructores del bien com\u00fan, promoviendo la paz y el respeto, incluso con quienes piensan diferente.<\/p>\n<p>Se aproximan elecciones para elegir diputados y senadores nacionales. Es comprensible que experimentemos cansancio o decepci\u00f3n, pero somos portadores de una esperanza que debe animarnos a involucrarnos. \u00a1Compromet\u00e1monos a participar con nuestro voto! Tu compromiso y tu voto son cimiento de nuestra democracia.<\/p>\n<p>Esta es nuestra oportunidad para dar mayor presencia a nuestra voz en el recinto legislativo y de incidir en el rumbo del pa\u00eds. Te animamos a rezar, informarte y discernir a qui\u00e9nes votar, conocer sus propuestas partidarias, sus antecedentes c\u00edvicos y valores. La ense\u00f1anza social de la Iglesia nos recuerda la importancia del valor de toda vida, de la educaci\u00f3n, y de la familia como escuela de humanidad. Es necesario que el Congreso de la Naci\u00f3n se vuelva un \u00e1mbito de di\u00e1logo donde poder superar las heridas sociales de nuestro pueblo.<\/p>\n<p>Que nuestras comunidades sean el espacio de encuentro donde podamos acompa\u00f1arnos para no caer en el des\u00e1nimo ni el pesimismo. Que sea desde la vida comunitaria, donde podamos alimentarnos de la fuerza y esperanza evang\u00e9lica para elegir a quienes mejor representan nuestros valores humanos y cristianos. Sabemos que algunos forman parte de nuestras comunidades, acompa\u00f1emos su servicio y entrega en esta vocaci\u00f3n sublime.<\/p>\n<p>En este a\u00f1o jubilar, tambi\u00e9n en la pol\u00edtica, estamos llamados a ser peregrinos de esperanza. \u00a1A participar con esperanza! \u00a1Un fuerte abrazo fraterno!<\/p>\n","protected":false},"excerpt":{"rendered":"<p>El obispo de Goya, monse\u00f1or Adolfo Ram\u00f3n Canec\u00edn, comparti\u00f3 con la comunidad diocesana un mensaje titulado \u00abTu voto y tu compromiso, cimiento de nuestra democracia\u00bb, en el que llam\u00f3 a reflexionar sobre el valor de la participaci\u00f3n pol\u00edtica, especialmente en este tiempo de elecciones de medio t\u00e9rmino. A trav\u00e9s de este mensaje, la Iglesia record\u00f3 [&hellip;]<\/p>\n","protected":false},"author":2,"featured_media":2480,"comment_status":"open","ping_status":"open","sticky":false,"template":"","format":"standard","meta":{"footnotes":""},"categories":[78],"tags":[],"class_list":{"0":"post-2479","1":"post","2":"type-post","3":"status-publish","4":"format-standard","5":"has-post-thumbnail","7":"category-generales"},"_links":{"self":[{"href":"https:\/\/elpueblonoticia.com.ar\/web\/wp-json\/wp\/v2\/posts\/2479","targetHints":{"allow":["GET"]}}],"collection":[{"href":"https:\/\/elpueblonoticia.com.ar\/web\/wp-json\/wp\/v2\/posts"}],"about":[{"href":"https:\/\/elpueblonoticia.com.ar\/web\/wp-json\/wp\/v2\/types\/post"}],"author":[{"embeddable":true,"href":"https:\/\/elpueblonoticia.com.ar\/web\/wp-json\/wp\/v2\/users\/2"}],"replies":[{"embeddable":true,"href":"https:\/\/elpueblonoticia.com.ar\/web\/wp-json\/wp\/v2\/comments?post=2479"}],"version-history":[{"count":0,"href":"https:\/\/elpueblonoticia.com.ar\/web\/wp-json\/wp\/v2\/posts\/2479\/revisions"}],"wp:featuredmedia":[{"embeddable":true,"href":"https:\/\/elpueblonoticia.com.ar\/web\/wp-json\/wp\/v2\/media\/2480"}],"wp:attachment":[{"href":"https:\/\/elpueblonoticia.com.ar\/web\/wp-json\/wp\/v2\/media?parent=2479"}],"wp:term":[{"taxonomy":"category","embeddable":true,"href":"https:\/\/elpueblonoticia.com.ar\/web\/wp-json\/wp\/v2\/categories?post=2479"},{"taxonomy":"post_tag","embeddable":true,"href":"https:\/\/elpueblonoticia.com.ar\/web\/wp-json\/wp\/v2\/tags?post=2479"}],"curies":[{"name":"wp","href":"https:\/\/api.w.org\/{rel}","templated":true}]}}