{"id":2466,"date":"2025-10-24T10:49:11","date_gmt":"2025-10-24T13:49:11","guid":{"rendered":"https:\/\/elpueblonoticia.com.ar\/web\/?p=2466"},"modified":"2025-10-24T10:49:11","modified_gmt":"2025-10-24T13:49:11","slug":"el-consumo-no-se-reactiva-las-ventas-en-supermercados-cayeron-en-agosto-por-quinto-mes-al-hilo","status":"publish","type":"post","link":"https:\/\/elpueblonoticia.com.ar\/web\/2025\/10\/24\/el-consumo-no-se-reactiva-las-ventas-en-supermercados-cayeron-en-agosto-por-quinto-mes-al-hilo\/","title":{"rendered":"EL CONSUMO NO SE REACTIVA: Las ventas en supermercados cayeron en agosto por quinto mes al hilo"},"content":{"rendered":"<div id=\"modalIntrotext\">\n<div>La facturaci\u00f3n, a precios constantes, fue la m\u00e1s acotada desde diciembre de 2024. En mayoristas hubo un leve repunte, desde un piso extremadamente bajo.<\/div>\n<\/div>\n<div id=\"modalFulltext\"><\/div>\n<div>\n<div>El consumo no dio se\u00f1ales de recuperaci\u00f3n en agosto. Las ventas en supermercados sufrieron su quinta ca\u00edda mensual consecutiva y tocaron un nuevo m\u00ednimo de 2025.<\/div>\n<div>\n<div><\/div>\n<div>Seg\u00fan inform\u00f3 el INDEC este jueves, la facturaci\u00f3n, a precios constantes, se contrajo 0,2% respecto de julio. De este modo, el dato de la serie desestacionalizada fue el m\u00e1s bajo desde diciembre del a\u00f1o pasado.<\/div>\n<\/div>\n<\/div>\n","protected":false},"excerpt":{"rendered":"<p>La facturaci\u00f3n, a precios constantes, fue la m\u00e1s acotada desde diciembre de 2024. En mayoristas hubo un leve repunte, desde un piso extremadamente bajo. El consumo no dio se\u00f1ales de recuperaci\u00f3n en agosto. Las ventas en supermercados sufrieron su quinta ca\u00edda mensual consecutiva y tocaron un nuevo m\u00ednimo de 2025. Seg\u00fan inform\u00f3 el INDEC este [&hellip;]<\/p>\n","protected":false},"author":2,"featured_media":2467,"comment_status":"open","ping_status":"open","sticky":false,"template":"","format":"standard","meta":{"footnotes":""},"categories":[65],"tags":[],"class_list":{"0":"post-2466","1":"post","2":"type-post","3":"status-publish","4":"format-standard","5":"has-post-thumbnail","7":"category-economia"},"_links":{"self":[{"href":"https:\/\/elpueblonoticia.com.ar\/web\/wp-json\/wp\/v2\/posts\/2466","targetHints":{"allow":["GET"]}}],"collection":[{"href":"https:\/\/elpueblonoticia.com.ar\/web\/wp-json\/wp\/v2\/posts"}],"about":[{"href":"https:\/\/elpueblonoticia.com.ar\/web\/wp-json\/wp\/v2\/types\/post"}],"author":[{"embeddable":true,"href":"https:\/\/elpueblonoticia.com.ar\/web\/wp-json\/wp\/v2\/users\/2"}],"replies":[{"embeddable":true,"href":"https:\/\/elpueblonoticia.com.ar\/web\/wp-json\/wp\/v2\/comments?post=2466"}],"version-history":[{"count":0,"href":"https:\/\/elpueblonoticia.com.ar\/web\/wp-json\/wp\/v2\/posts\/2466\/revisions"}],"wp:featuredmedia":[{"embeddable":true,"href":"https:\/\/elpueblonoticia.com.ar\/web\/wp-json\/wp\/v2\/media\/2467"}],"wp:attachment":[{"href":"https:\/\/elpueblonoticia.com.ar\/web\/wp-json\/wp\/v2\/media?parent=2466"}],"wp:term":[{"taxonomy":"category","embeddable":true,"href":"https:\/\/elpueblonoticia.com.ar\/web\/wp-json\/wp\/v2\/categories?post=2466"},{"taxonomy":"post_tag","embeddable":true,"href":"https:\/\/elpueblonoticia.com.ar\/web\/wp-json\/wp\/v2\/tags?post=2466"}],"curies":[{"name":"wp","href":"https:\/\/api.w.org\/{rel}","templated":true}]}}