{"id":2461,"date":"2025-10-24T10:35:04","date_gmt":"2025-10-24T13:35:04","guid":{"rendered":"https:\/\/elpueblonoticia.com.ar\/web\/?p=2461"},"modified":"2025-10-24T10:35:04","modified_gmt":"2025-10-24T13:35:04","slug":"mes-de-la-plena-inclusion-5","status":"publish","type":"post","link":"https:\/\/elpueblonoticia.com.ar\/web\/2025\/10\/24\/mes-de-la-plena-inclusion-5\/","title":{"rendered":"MES DE LA PLENA INCLUSI\u00d3N"},"content":{"rendered":"<p data-olk-copy-source=\"MessageBody\"><img loading=\"lazy\" decoding=\"async\" class=\"alignnone size-medium wp-image-2463\" src=\"https:\/\/elpueblonoticia.com.ar\/web\/wp-content\/uploads\/2025\/10\/inclusion-Taller-Musical-flyr-212x300.jpg\" alt=\"\" width=\"212\" height=\"300\" srcset=\"https:\/\/elpueblonoticia.com.ar\/web\/wp-content\/uploads\/2025\/10\/inclusion-Taller-Musical-flyr-212x300.jpg 212w, https:\/\/elpueblonoticia.com.ar\/web\/wp-content\/uploads\/2025\/10\/inclusion-Taller-Musical-flyr-724x1024.jpg 724w, https:\/\/elpueblonoticia.com.ar\/web\/wp-content\/uploads\/2025\/10\/inclusion-Taller-Musical-flyr-768x1086.jpg 768w, https:\/\/elpueblonoticia.com.ar\/web\/wp-content\/uploads\/2025\/10\/inclusion-Taller-Musical-flyr-297x420.jpg 297w, https:\/\/elpueblonoticia.com.ar\/web\/wp-content\/uploads\/2025\/10\/inclusion-Taller-Musical-flyr-696x984.jpg 696w, https:\/\/elpueblonoticia.com.ar\/web\/wp-content\/uploads\/2025\/10\/inclusion-Taller-Musical-flyr.jpg 905w\" sizes=\"auto, (max-width: 212px) 100vw, 212px\" \/><\/p>\n<p class=\"x_MsoNormal\" data-olk-copy-source=\"MessageBody\">Contin\u00faan las charlas y talleres programados por el mes de la plena inclusi\u00f3n.<\/p>\n<p class=\"x_MsoNormal\">En ese sentido, vale recordar que la charla programada en el Club de Emprendedores para este viernes se ha suspendido. Oportunamente se informar\u00e1 la nueva fecha.<\/p>\n<p class=\"x_MsoNormal\" aria-hidden=\"true\">\n<p class=\"x_MsoNormal\">Siguen su curso de formaci\u00f3n la charla que brindar\u00e1 el viernes desde las 18,30 horas en la Casa de la Cultura el CIEE.<\/p>\n<p class=\"x_MsoNormal\" aria-hidden=\"true\">\n<p class=\"x_MsoNormal\">Para el s\u00e1bado 25, ADAPED visitar\u00e1 la Casa de la Cultura, donde realizar\u00e1n una visita guiada a partir de las 9 horas, para conocer el trabajo desarrollado por la Escuela Municipal de M\u00fasica. Al finalizar el recorrido, la Orquesta de C\u00e1mara ofrecer\u00e1 a los visitantes un concierto did\u00e1ctico.<\/p>\n","protected":false},"excerpt":{"rendered":"<p>Contin\u00faan las charlas y talleres programados por el mes de la plena inclusi\u00f3n. En ese sentido, vale recordar que la charla programada en el Club de Emprendedores para este viernes se ha suspendido. Oportunamente se informar\u00e1 la nueva fecha. Siguen su curso de formaci\u00f3n la charla que brindar\u00e1 el viernes desde las 18,30 horas en [&hellip;]<\/p>\n","protected":false},"author":2,"featured_media":2462,"comment_status":"open","ping_status":"open","sticky":false,"template":"","format":"standard","meta":{"footnotes":""},"categories":[56],"tags":[],"class_list":{"0":"post-2461","1":"post","2":"type-post","3":"status-publish","4":"format-standard","5":"has-post-thumbnail","7":"category-locales"},"_links":{"self":[{"href":"https:\/\/elpueblonoticia.com.ar\/web\/wp-json\/wp\/v2\/posts\/2461","targetHints":{"allow":["GET"]}}],"collection":[{"href":"https:\/\/elpueblonoticia.com.ar\/web\/wp-json\/wp\/v2\/posts"}],"about":[{"href":"https:\/\/elpueblonoticia.com.ar\/web\/wp-json\/wp\/v2\/types\/post"}],"author":[{"embeddable":true,"href":"https:\/\/elpueblonoticia.com.ar\/web\/wp-json\/wp\/v2\/users\/2"}],"replies":[{"embeddable":true,"href":"https:\/\/elpueblonoticia.com.ar\/web\/wp-json\/wp\/v2\/comments?post=2461"}],"version-history":[{"count":0,"href":"https:\/\/elpueblonoticia.com.ar\/web\/wp-json\/wp\/v2\/posts\/2461\/revisions"}],"wp:featuredmedia":[{"embeddable":true,"href":"https:\/\/elpueblonoticia.com.ar\/web\/wp-json\/wp\/v2\/media\/2462"}],"wp:attachment":[{"href":"https:\/\/elpueblonoticia.com.ar\/web\/wp-json\/wp\/v2\/media?parent=2461"}],"wp:term":[{"taxonomy":"category","embeddable":true,"href":"https:\/\/elpueblonoticia.com.ar\/web\/wp-json\/wp\/v2\/categories?post=2461"},{"taxonomy":"post_tag","embeddable":true,"href":"https:\/\/elpueblonoticia.com.ar\/web\/wp-json\/wp\/v2\/tags?post=2461"}],"curies":[{"name":"wp","href":"https:\/\/api.w.org\/{rel}","templated":true}]}}