{"id":2456,"date":"2025-10-24T10:21:31","date_gmt":"2025-10-24T13:21:31","guid":{"rendered":"https:\/\/elpueblonoticia.com.ar\/web\/?p=2456"},"modified":"2025-10-24T10:21:31","modified_gmt":"2025-10-24T13:21:31","slug":"director-del-hospital-regional-destaca-la-importancia-de-la-carrera-de-farmacia-en-la-unne","status":"publish","type":"post","link":"https:\/\/elpueblonoticia.com.ar\/web\/2025\/10\/24\/director-del-hospital-regional-destaca-la-importancia-de-la-carrera-de-farmacia-en-la-unne\/","title":{"rendered":"DIRECTOR DEL HOSPITAL REGIONAL DESTACA LA IMPORTANCIA DE LA CARRERA DE FARMACIA EN LA UNNE"},"content":{"rendered":"<p data-olk-copy-source=\"MessageBody\"><img loading=\"lazy\" decoding=\"async\" class=\"alignnone size-medium wp-image-2458\" src=\"https:\/\/elpueblonoticia.com.ar\/web\/wp-content\/uploads\/2025\/10\/carrera-farmacia-UNNE-Ilustracion-2-300x200.jpg\" alt=\"\" width=\"300\" height=\"200\" srcset=\"https:\/\/elpueblonoticia.com.ar\/web\/wp-content\/uploads\/2025\/10\/carrera-farmacia-UNNE-Ilustracion-2-300x200.jpg 300w, https:\/\/elpueblonoticia.com.ar\/web\/wp-content\/uploads\/2025\/10\/carrera-farmacia-UNNE-Ilustracion-2-1024x682.jpg 1024w, https:\/\/elpueblonoticia.com.ar\/web\/wp-content\/uploads\/2025\/10\/carrera-farmacia-UNNE-Ilustracion-2-768x512.jpg 768w, https:\/\/elpueblonoticia.com.ar\/web\/wp-content\/uploads\/2025\/10\/carrera-farmacia-UNNE-Ilustracion-2-1536x1023.jpg 1536w, https:\/\/elpueblonoticia.com.ar\/web\/wp-content\/uploads\/2025\/10\/carrera-farmacia-UNNE-Ilustracion-2-630x420.jpg 630w, https:\/\/elpueblonoticia.com.ar\/web\/wp-content\/uploads\/2025\/10\/carrera-farmacia-UNNE-Ilustracion-2-696x464.jpg 696w, https:\/\/elpueblonoticia.com.ar\/web\/wp-content\/uploads\/2025\/10\/carrera-farmacia-UNNE-Ilustracion-2-1068x712.jpg 1068w, https:\/\/elpueblonoticia.com.ar\/web\/wp-content\/uploads\/2025\/10\/carrera-farmacia-UNNE-Ilustracion-2.jpg 1600w\" sizes=\"auto, (max-width: 300px) 100vw, 300px\" \/><\/p>\n<p class=\"x_MsoNormal\" data-olk-copy-source=\"MessageBody\">El director del Hospital Regional destac\u00f3 la reciente firma de una carta intenci\u00f3n entre el ministro de Salud, Ricardo Cardozo, y la Facultad de Ciencias Exactas y Naturales y Agrimensura de la UNNE, con el objetivo de impulsar la creaci\u00f3n y puesta en marcha de la carrera de Farmacia en la provincia.<\/p>\n<p class=\"x_MsoNormal\" aria-hidden=\"true\">\n<p class=\"x_MsoNormal\">En declaraciones radiales, Ra\u00fal Mart\u00ednez explic\u00f3 la importancia de esta iniciativa: \u201cHist\u00f3ricamente, la UNNE ofrec\u00eda la carrera de Farmacia en Roque S\u00e1enz Pe\u00f1a. Sin embargo, con la creaci\u00f3n de las universidades nacionales de Misiones, Formosa y Chaco Austral, esta \u00faltima absorbi\u00f3 la carrera. Ahora, la UNNE vuelve a tener la carrera de Farmacia, esta vez en Corrientes, lo cual es muy positivo porque fortalece nuestro sistema de salud\u201d.<\/p>\n<p class=\"x_MsoNormal\" aria-hidden=\"true\">\n<p class=\"x_MsoNormal\">Mart\u00ednez reconoci\u00f3 las dificultades que implica contar con esta especialidad en los hospitales p\u00fablicos, pero celebr\u00f3 la decisi\u00f3n de la UNNE: \u201cEsto est\u00e1 muy bueno porque fortalece el sistema de salud. M\u00e1s all\u00e1 de que cuesta mucho tener esa especialidad en los hospitales p\u00fablicos, pero bienvenida sea esta nueva carrera para la UNNE porque eso habla de calidad en lo que es la salud\u201d.<\/p>\n","protected":false},"excerpt":{"rendered":"<p>El director del Hospital Regional destac\u00f3 la reciente firma de una carta intenci\u00f3n entre el ministro de Salud, Ricardo Cardozo, y la Facultad de Ciencias Exactas y Naturales y Agrimensura de la UNNE, con el objetivo de impulsar la creaci\u00f3n y puesta en marcha de la carrera de Farmacia en la provincia. En declaraciones radiales, [&hellip;]<\/p>\n","protected":false},"author":2,"featured_media":2457,"comment_status":"open","ping_status":"open","sticky":false,"template":"","format":"standard","meta":{"footnotes":""},"categories":[78],"tags":[],"class_list":{"0":"post-2456","1":"post","2":"type-post","3":"status-publish","4":"format-standard","5":"has-post-thumbnail","7":"category-generales"},"_links":{"self":[{"href":"https:\/\/elpueblonoticia.com.ar\/web\/wp-json\/wp\/v2\/posts\/2456","targetHints":{"allow":["GET"]}}],"collection":[{"href":"https:\/\/elpueblonoticia.com.ar\/web\/wp-json\/wp\/v2\/posts"}],"about":[{"href":"https:\/\/elpueblonoticia.com.ar\/web\/wp-json\/wp\/v2\/types\/post"}],"author":[{"embeddable":true,"href":"https:\/\/elpueblonoticia.com.ar\/web\/wp-json\/wp\/v2\/users\/2"}],"replies":[{"embeddable":true,"href":"https:\/\/elpueblonoticia.com.ar\/web\/wp-json\/wp\/v2\/comments?post=2456"}],"version-history":[{"count":0,"href":"https:\/\/elpueblonoticia.com.ar\/web\/wp-json\/wp\/v2\/posts\/2456\/revisions"}],"wp:featuredmedia":[{"embeddable":true,"href":"https:\/\/elpueblonoticia.com.ar\/web\/wp-json\/wp\/v2\/media\/2457"}],"wp:attachment":[{"href":"https:\/\/elpueblonoticia.com.ar\/web\/wp-json\/wp\/v2\/media?parent=2456"}],"wp:term":[{"taxonomy":"category","embeddable":true,"href":"https:\/\/elpueblonoticia.com.ar\/web\/wp-json\/wp\/v2\/categories?post=2456"},{"taxonomy":"post_tag","embeddable":true,"href":"https:\/\/elpueblonoticia.com.ar\/web\/wp-json\/wp\/v2\/tags?post=2456"}],"curies":[{"name":"wp","href":"https:\/\/api.w.org\/{rel}","templated":true}]}}