{"id":2430,"date":"2025-10-24T09:35:58","date_gmt":"2025-10-24T12:35:58","guid":{"rendered":"https:\/\/elpueblonoticia.com.ar\/web\/?p=2430"},"modified":"2025-10-24T09:35:58","modified_gmt":"2025-10-24T12:35:58","slug":"escuela-municipal-de-teatro","status":"publish","type":"post","link":"https:\/\/elpueblonoticia.com.ar\/web\/2025\/10\/24\/escuela-municipal-de-teatro\/","title":{"rendered":"ESCUELA MUNICIPAL DE TEATRO"},"content":{"rendered":"<p data-olk-copy-source=\"MessageBody\"><img loading=\"lazy\" decoding=\"async\" class=\"alignnone size-medium wp-image-2432\" src=\"https:\/\/elpueblonoticia.com.ar\/web\/wp-content\/uploads\/2025\/10\/Teatro-La-Teta-Envenenada-flyr-2-300x300.jpg\" alt=\"\" width=\"300\" height=\"300\" srcset=\"https:\/\/elpueblonoticia.com.ar\/web\/wp-content\/uploads\/2025\/10\/Teatro-La-Teta-Envenenada-flyr-2-300x300.jpg 300w, https:\/\/elpueblonoticia.com.ar\/web\/wp-content\/uploads\/2025\/10\/Teatro-La-Teta-Envenenada-flyr-2-1024x1024.jpg 1024w, https:\/\/elpueblonoticia.com.ar\/web\/wp-content\/uploads\/2025\/10\/Teatro-La-Teta-Envenenada-flyr-2-150x150.jpg 150w, https:\/\/elpueblonoticia.com.ar\/web\/wp-content\/uploads\/2025\/10\/Teatro-La-Teta-Envenenada-flyr-2-768x768.jpg 768w, https:\/\/elpueblonoticia.com.ar\/web\/wp-content\/uploads\/2025\/10\/Teatro-La-Teta-Envenenada-flyr-2-420x420.jpg 420w, https:\/\/elpueblonoticia.com.ar\/web\/wp-content\/uploads\/2025\/10\/Teatro-La-Teta-Envenenada-flyr-2-696x696.jpg 696w, https:\/\/elpueblonoticia.com.ar\/web\/wp-content\/uploads\/2025\/10\/Teatro-La-Teta-Envenenada-flyr-2-1068x1068.jpg 1068w, https:\/\/elpueblonoticia.com.ar\/web\/wp-content\/uploads\/2025\/10\/Teatro-La-Teta-Envenenada-flyr-2.jpg 1080w\" sizes=\"auto, (max-width: 300px) 100vw, 300px\" \/><img loading=\"lazy\" decoding=\"async\" class=\"alignnone size-medium wp-image-2433\" src=\"https:\/\/elpueblonoticia.com.ar\/web\/wp-content\/uploads\/2025\/10\/Teatro-La-Teta-Envenenada-flyr-3-300x300.jpg\" alt=\"\" width=\"300\" height=\"300\" srcset=\"https:\/\/elpueblonoticia.com.ar\/web\/wp-content\/uploads\/2025\/10\/Teatro-La-Teta-Envenenada-flyr-3-300x300.jpg 300w, https:\/\/elpueblonoticia.com.ar\/web\/wp-content\/uploads\/2025\/10\/Teatro-La-Teta-Envenenada-flyr-3-1024x1024.jpg 1024w, https:\/\/elpueblonoticia.com.ar\/web\/wp-content\/uploads\/2025\/10\/Teatro-La-Teta-Envenenada-flyr-3-150x150.jpg 150w, https:\/\/elpueblonoticia.com.ar\/web\/wp-content\/uploads\/2025\/10\/Teatro-La-Teta-Envenenada-flyr-3-768x768.jpg 768w, https:\/\/elpueblonoticia.com.ar\/web\/wp-content\/uploads\/2025\/10\/Teatro-La-Teta-Envenenada-flyr-3-420x420.jpg 420w, https:\/\/elpueblonoticia.com.ar\/web\/wp-content\/uploads\/2025\/10\/Teatro-La-Teta-Envenenada-flyr-3-696x696.jpg 696w, https:\/\/elpueblonoticia.com.ar\/web\/wp-content\/uploads\/2025\/10\/Teatro-La-Teta-Envenenada-flyr-3-1068x1068.jpg 1068w, https:\/\/elpueblonoticia.com.ar\/web\/wp-content\/uploads\/2025\/10\/Teatro-La-Teta-Envenenada-flyr-3.jpg 1080w\" sizes=\"auto, (max-width: 300px) 100vw, 300px\" \/><img loading=\"lazy\" decoding=\"async\" class=\"alignnone size-medium wp-image-2434\" src=\"https:\/\/elpueblonoticia.com.ar\/web\/wp-content\/uploads\/2025\/10\/Teatro-La-Teta-Envenenada-flyr-4-300x300.jpg\" alt=\"\" width=\"300\" height=\"300\" srcset=\"https:\/\/elpueblonoticia.com.ar\/web\/wp-content\/uploads\/2025\/10\/Teatro-La-Teta-Envenenada-flyr-4-300x300.jpg 300w, https:\/\/elpueblonoticia.com.ar\/web\/wp-content\/uploads\/2025\/10\/Teatro-La-Teta-Envenenada-flyr-4-1024x1024.jpg 1024w, https:\/\/elpueblonoticia.com.ar\/web\/wp-content\/uploads\/2025\/10\/Teatro-La-Teta-Envenenada-flyr-4-150x150.jpg 150w, https:\/\/elpueblonoticia.com.ar\/web\/wp-content\/uploads\/2025\/10\/Teatro-La-Teta-Envenenada-flyr-4-768x768.jpg 768w, https:\/\/elpueblonoticia.com.ar\/web\/wp-content\/uploads\/2025\/10\/Teatro-La-Teta-Envenenada-flyr-4-420x420.jpg 420w, https:\/\/elpueblonoticia.com.ar\/web\/wp-content\/uploads\/2025\/10\/Teatro-La-Teta-Envenenada-flyr-4-696x696.jpg 696w, https:\/\/elpueblonoticia.com.ar\/web\/wp-content\/uploads\/2025\/10\/Teatro-La-Teta-Envenenada-flyr-4-1068x1068.jpg 1068w, https:\/\/elpueblonoticia.com.ar\/web\/wp-content\/uploads\/2025\/10\/Teatro-La-Teta-Envenenada-flyr-4.jpg 1080w\" sizes=\"auto, (max-width: 300px) 100vw, 300px\" \/><\/p>\n<p class=\"x_MsoNormal\" data-olk-copy-source=\"MessageBody\">El viernes en el Teatro Municipal se volver\u00e1 a presentar la obra La Teta Envenenada a las 21,30 horas con una capacidad para 40 personas.<\/p>\n<p class=\"x_MsoNormal\" aria-hidden=\"true\">\n<p class=\"x_MsoNormal\">Uno de los actores que conforman el elenco de la mencionada obra, Danilo Fern\u00e1ndez, en declaraciones a Radio Ciudad explic\u00f3 la modalidad de la funci\u00f3n e invit\u00f3 al p\u00fablico a adquirir la entrada de manera anticipada, por la capacidad establecida para esta \u00faltima funci\u00f3n de la temporada.<\/p>\n<p class=\"x_MsoNormal\" aria-hidden=\"true\">\n<p class=\"x_MsoNormal\">\u201cEstamos trabajando el teatro posdram\u00e1tico, as\u00ed se llama el g\u00e9nero, se muestra como un teatro m\u00e1s cercano, de manera circular, en el escenario de la parte superior, donde se realizaban fiestas, tertulias, en el descanso de la primera bandeja. Con esa capacidad para 40 personas, no se requiere m\u00e1s que disponer del espacio para colocar de esa forma las sillas para los espectadores\u201d.<\/p>\n<p class=\"x_MsoNormal\" aria-hidden=\"true\">\n<p class=\"x_MsoNormal\">\u201cCada uno de los personajes han elaborado mucho la construcci\u00f3n de cada rol, requiri\u00f3 pasar por el cuerpo emociones, sentimientos, palabras para entender lo que se transmite. Esa transformaci\u00f3n del artista lleva un proceso, nos ha demandado unos cuatro meses preparar. Contamos con la autorizaci\u00f3n del autor Gustavo Saucedo, que me cedi\u00f3 esta posibilidad; \u00e9l proviene de la misma ciudad chaque\u00f1a de la que soy oriundo: Machagai\u201d, agreg\u00f3.<\/p>\n<p class=\"x_MsoNormal\" aria-hidden=\"true\">\n<p class=\"x_MsoNormal\">En el di\u00e1logo mencion\u00f3 que se hizo una sola puesta en escena en otra localidad y destac\u00f3 lo llamativo del t\u00edtulo (La Teta Envenenada), \u201cgenerando impacto fuerte en nosotros los actores, y la proyecci\u00f3n desde el escenario para el p\u00fablico\u201d.<\/p>\n<p class=\"x_MsoNormal\" aria-hidden=\"true\">\n<p class=\"x_MsoNormal\">Las entradas est\u00e1n a la venta en el Teatro Municipal, de manera individual a 7.000 pesos, o dos por 10.000 pesos.<\/p>\n<p class=\"x_MsoNormal\" aria-hidden=\"true\">\n<p class=\"x_MsoNormal\">\u201cSi bien el teatro es circular, no existe interacci\u00f3n con el espectador, esto no ocurre\u201d.<\/p>\n<p class=\"x_MsoNormal\" aria-hidden=\"true\">\n<p class=\"x_MsoNormal\">Adelant\u00f3 que se trata de una obra de 40 minutos, \u201cdonde 3 hermanos se sit\u00faan en un campo perteneciente a la familia, donde podr\u00eda haber tesoros guardados. Los personajes intentan hacerse de esos tesoros, para lo cual deber\u00e1n revisar algunas cuestiones del pasado que tienen olvidadas\u201d.<\/p>\n<p class=\"x_MsoNormal\" aria-hidden=\"true\">\n<p class=\"x_MsoNormal\">El elenco de la obra est\u00e1 integrado por Danilo Fern\u00e1ndez, Vicky Corgnali, Brian Leiva y Biby Gonz\u00e1lez, con la direcci\u00f3n de Javier Camino.<\/p>\n","protected":false},"excerpt":{"rendered":"<p>El viernes en el Teatro Municipal se volver\u00e1 a presentar la obra La Teta Envenenada a las 21,30 horas con una capacidad para 40 personas. Uno de los actores que conforman el elenco de la mencionada obra, Danilo Fern\u00e1ndez, en declaraciones a Radio Ciudad explic\u00f3 la modalidad de la funci\u00f3n e invit\u00f3 al p\u00fablico a [&hellip;]<\/p>\n","protected":false},"author":2,"featured_media":2431,"comment_status":"open","ping_status":"open","sticky":false,"template":"","format":"standard","meta":{"footnotes":""},"categories":[56],"tags":[],"class_list":{"0":"post-2430","1":"post","2":"type-post","3":"status-publish","4":"format-standard","5":"has-post-thumbnail","7":"category-locales"},"_links":{"self":[{"href":"https:\/\/elpueblonoticia.com.ar\/web\/wp-json\/wp\/v2\/posts\/2430","targetHints":{"allow":["GET"]}}],"collection":[{"href":"https:\/\/elpueblonoticia.com.ar\/web\/wp-json\/wp\/v2\/posts"}],"about":[{"href":"https:\/\/elpueblonoticia.com.ar\/web\/wp-json\/wp\/v2\/types\/post"}],"author":[{"embeddable":true,"href":"https:\/\/elpueblonoticia.com.ar\/web\/wp-json\/wp\/v2\/users\/2"}],"replies":[{"embeddable":true,"href":"https:\/\/elpueblonoticia.com.ar\/web\/wp-json\/wp\/v2\/comments?post=2430"}],"version-history":[{"count":0,"href":"https:\/\/elpueblonoticia.com.ar\/web\/wp-json\/wp\/v2\/posts\/2430\/revisions"}],"wp:featuredmedia":[{"embeddable":true,"href":"https:\/\/elpueblonoticia.com.ar\/web\/wp-json\/wp\/v2\/media\/2431"}],"wp:attachment":[{"href":"https:\/\/elpueblonoticia.com.ar\/web\/wp-json\/wp\/v2\/media?parent=2430"}],"wp:term":[{"taxonomy":"category","embeddable":true,"href":"https:\/\/elpueblonoticia.com.ar\/web\/wp-json\/wp\/v2\/categories?post=2430"},{"taxonomy":"post_tag","embeddable":true,"href":"https:\/\/elpueblonoticia.com.ar\/web\/wp-json\/wp\/v2\/tags?post=2430"}],"curies":[{"name":"wp","href":"https:\/\/api.w.org\/{rel}","templated":true}]}}