{"id":2414,"date":"2025-10-24T09:04:33","date_gmt":"2025-10-24T12:04:33","guid":{"rendered":"https:\/\/elpueblonoticia.com.ar\/web\/?p=2414"},"modified":"2025-10-24T09:04:33","modified_gmt":"2025-10-24T12:04:33","slug":"club-social-y-sportivo-surubi-es-federal","status":"publish","type":"post","link":"https:\/\/elpueblonoticia.com.ar\/web\/2025\/10\/24\/club-social-y-sportivo-surubi-es-federal\/","title":{"rendered":"CLUB SOCIAL Y SPORTIVO SURUB\u00cd ES FEDERAL"},"content":{"rendered":"<p data-olk-copy-source=\"MessageBody\"><img loading=\"lazy\" decoding=\"async\" class=\"alignnone size-medium wp-image-2416\" src=\"https:\/\/elpueblonoticia.com.ar\/web\/wp-content\/uploads\/2025\/10\/Surubi-Federal-presetacion-plantel-e-indumentaria-deportiva-1-300x200.jpg\" alt=\"\" width=\"300\" height=\"200\" srcset=\"https:\/\/elpueblonoticia.com.ar\/web\/wp-content\/uploads\/2025\/10\/Surubi-Federal-presetacion-plantel-e-indumentaria-deportiva-1-300x200.jpg 300w, https:\/\/elpueblonoticia.com.ar\/web\/wp-content\/uploads\/2025\/10\/Surubi-Federal-presetacion-plantel-e-indumentaria-deportiva-1-1024x682.jpg 1024w, https:\/\/elpueblonoticia.com.ar\/web\/wp-content\/uploads\/2025\/10\/Surubi-Federal-presetacion-plantel-e-indumentaria-deportiva-1-768x512.jpg 768w, https:\/\/elpueblonoticia.com.ar\/web\/wp-content\/uploads\/2025\/10\/Surubi-Federal-presetacion-plantel-e-indumentaria-deportiva-1-1536x1023.jpg 1536w, https:\/\/elpueblonoticia.com.ar\/web\/wp-content\/uploads\/2025\/10\/Surubi-Federal-presetacion-plantel-e-indumentaria-deportiva-1-630x420.jpg 630w, https:\/\/elpueblonoticia.com.ar\/web\/wp-content\/uploads\/2025\/10\/Surubi-Federal-presetacion-plantel-e-indumentaria-deportiva-1-696x464.jpg 696w, https:\/\/elpueblonoticia.com.ar\/web\/wp-content\/uploads\/2025\/10\/Surubi-Federal-presetacion-plantel-e-indumentaria-deportiva-1-1068x712.jpg 1068w, https:\/\/elpueblonoticia.com.ar\/web\/wp-content\/uploads\/2025\/10\/Surubi-Federal-presetacion-plantel-e-indumentaria-deportiva-1.jpg 1600w\" sizes=\"auto, (max-width: 300px) 100vw, 300px\" \/><img loading=\"lazy\" decoding=\"async\" class=\"alignnone size-medium wp-image-2417\" src=\"https:\/\/elpueblonoticia.com.ar\/web\/wp-content\/uploads\/2025\/10\/Surubi-Federal-presetacion-plantel-e-indumentaria-deportiva-3-300x200.jpg\" alt=\"\" width=\"300\" height=\"200\" srcset=\"https:\/\/elpueblonoticia.com.ar\/web\/wp-content\/uploads\/2025\/10\/Surubi-Federal-presetacion-plantel-e-indumentaria-deportiva-3-300x200.jpg 300w, https:\/\/elpueblonoticia.com.ar\/web\/wp-content\/uploads\/2025\/10\/Surubi-Federal-presetacion-plantel-e-indumentaria-deportiva-3-1024x682.jpg 1024w, https:\/\/elpueblonoticia.com.ar\/web\/wp-content\/uploads\/2025\/10\/Surubi-Federal-presetacion-plantel-e-indumentaria-deportiva-3-768x512.jpg 768w, https:\/\/elpueblonoticia.com.ar\/web\/wp-content\/uploads\/2025\/10\/Surubi-Federal-presetacion-plantel-e-indumentaria-deportiva-3-1536x1023.jpg 1536w, https:\/\/elpueblonoticia.com.ar\/web\/wp-content\/uploads\/2025\/10\/Surubi-Federal-presetacion-plantel-e-indumentaria-deportiva-3-630x420.jpg 630w, https:\/\/elpueblonoticia.com.ar\/web\/wp-content\/uploads\/2025\/10\/Surubi-Federal-presetacion-plantel-e-indumentaria-deportiva-3-696x464.jpg 696w, https:\/\/elpueblonoticia.com.ar\/web\/wp-content\/uploads\/2025\/10\/Surubi-Federal-presetacion-plantel-e-indumentaria-deportiva-3-1068x712.jpg 1068w, https:\/\/elpueblonoticia.com.ar\/web\/wp-content\/uploads\/2025\/10\/Surubi-Federal-presetacion-plantel-e-indumentaria-deportiva-3.jpg 1600w\" sizes=\"auto, (max-width: 300px) 100vw, 300px\" \/><img loading=\"lazy\" decoding=\"async\" class=\"alignnone size-medium wp-image-2418\" src=\"https:\/\/elpueblonoticia.com.ar\/web\/wp-content\/uploads\/2025\/10\/Surubi-Federal-presetacion-plantel-e-indumentaria-deportiva-2-300x200.jpg\" alt=\"\" width=\"300\" height=\"200\" srcset=\"https:\/\/elpueblonoticia.com.ar\/web\/wp-content\/uploads\/2025\/10\/Surubi-Federal-presetacion-plantel-e-indumentaria-deportiva-2-300x200.jpg 300w, https:\/\/elpueblonoticia.com.ar\/web\/wp-content\/uploads\/2025\/10\/Surubi-Federal-presetacion-plantel-e-indumentaria-deportiva-2-1024x682.jpg 1024w, https:\/\/elpueblonoticia.com.ar\/web\/wp-content\/uploads\/2025\/10\/Surubi-Federal-presetacion-plantel-e-indumentaria-deportiva-2-768x512.jpg 768w, https:\/\/elpueblonoticia.com.ar\/web\/wp-content\/uploads\/2025\/10\/Surubi-Federal-presetacion-plantel-e-indumentaria-deportiva-2-1536x1023.jpg 1536w, https:\/\/elpueblonoticia.com.ar\/web\/wp-content\/uploads\/2025\/10\/Surubi-Federal-presetacion-plantel-e-indumentaria-deportiva-2-630x420.jpg 630w, https:\/\/elpueblonoticia.com.ar\/web\/wp-content\/uploads\/2025\/10\/Surubi-Federal-presetacion-plantel-e-indumentaria-deportiva-2-696x464.jpg 696w, https:\/\/elpueblonoticia.com.ar\/web\/wp-content\/uploads\/2025\/10\/Surubi-Federal-presetacion-plantel-e-indumentaria-deportiva-2-1068x712.jpg 1068w, https:\/\/elpueblonoticia.com.ar\/web\/wp-content\/uploads\/2025\/10\/Surubi-Federal-presetacion-plantel-e-indumentaria-deportiva-2.jpg 1600w\" sizes=\"auto, (max-width: 300px) 100vw, 300px\" \/><\/p>\n<p class=\"x_MsoNormal\" data-olk-copy-source=\"MessageBody\">Con enormes expectativas y una gran pasi\u00f3n en el proyecto deportivo, el club afiliado a la Liga Goyana de F\u00fatbol, Sportivo Surub\u00ed, se prepara para debutar en el Torneo Federal Regional Amateur compartiendo la zona junto a los clubes Deportivo Mandiy\u00fa de Corrientes y Defensores de San Roque. El partido que marcar\u00e1 el inicio en este recorrido federal ser\u00e1 la pr\u00f3xima semana en nuestra ciudad, enfrentando a Defensores de San Roque.<\/p>\n<p class=\"x_MsoNormal\" aria-hidden=\"true\">\n<p class=\"x_MsoNormal\">\u201cTenemos fe de que andaremos bien, hemos armado un buen plantel\u201d, sostuvo el presidente del club Miguel \u201cPomelo\u201d Maciel.<\/p>\n<p class=\"x_MsoNormal\" aria-hidden=\"true\">\n<p class=\"x_MsoNormal\">Con apoyo institucional, de empresas y comercios locales, emprende su recorrido; en tal sentido, en la noche del mi\u00e9rcoles la Casa de la Cultura fue el lugar elegido para la presentaci\u00f3n de los jugadores que refuerzan el plantel y su indumentaria deportiva para este certamen.<\/p>\n<p class=\"x_MsoNormal\" aria-hidden=\"true\">\n<p class=\"x_MsoNormal\">El encuentro con la prensa local estuvo presidido por su presidente Miguel \u00c1ngel Maciel junto al cuerpo t\u00e9cnico.<\/p>\n<p class=\"x_MsoNormal\" aria-hidden=\"true\">\n<p class=\"x_MsoNormal\">ACOMPA\u00d1AMIENTO DE LOS CLUBES Y LA CIUDAD<\/p>\n<p class=\"x_MsoNormal\">El presidente del mencionado club agradeci\u00f3 la presencia de los trabajadores de la prensa, reconoci\u00f3 el esfuerzo de Juan Zapata, su t\u00e9cnico, con todo el equipo que lo acompa\u00f1ar\u00e1 en esta \u201cempresa\u201d, para manifestar: \u201cEstamos agradecidos por el acompa\u00f1amiento del intendente Mariano Hormaechea, por el apoyo, de los comercios que contribuyen con su auspicio para encarar este proyecto deportivo, esto nos permite afrontar el compromiso en el torneo federal\u201d.<\/p>\n<p class=\"x_MsoNormal\" aria-hidden=\"true\">\n<p class=\"x_MsoNormal\">El directivo mencion\u00f3 en sus palabras el reconocimiento a los clubes de la liga goyana por facilitar la presencia de sus jugadores como refuerzo del Club Surubi, destacando que se \u201cbusc\u00f3 conformar el mejor plantel con los futbolistas locales, de Central Goya, Sportivo Santa Luc\u00eda, Ca\u00f1onazo (Lavalle), Municipal, para complementar con nuestros jugadores\u201d.<\/p>\n<p class=\"x_MsoNormal\" aria-hidden=\"true\">\n<p class=\"x_MsoNormal\">\u201cTenemos fe que andaremos bien, hemos armado un buen plantel\u201d reiter\u00f3 el presidente.<\/p>\n<p class=\"x_MsoNormal\" aria-hidden=\"true\">\n<p class=\"x_MsoNormal\">LA MEJOR REPRESENTACI\u00d3N<\/p>\n<p class=\"x_MsoNormal\">El cuerpo t\u00e9cnico, en el contacto con la prensa reconoci\u00f3 que el \u201cp\u00e1rate obligado\u201d de este fin de semana por las elecciones ayudar\u00e1 a \u201cdejar en las mejores condiciones a nuestro plantel\u201d. El partido debut ser\u00e1 el fin de semana del 1 y 2 de noviembre, \u201cjugaremos como local en el estadio \u201cJos\u00e9 Eulogio Pezelato\u201d de Sportivo Benjam\u00edn Matienzo\u201d, refiri\u00f3.<\/p>\n<p class=\"x_MsoNormal\" aria-hidden=\"true\">\n<p class=\"x_MsoNormal\">Antes de concluir la presentaci\u00f3n de la indumentaria y de los jugadores que refuerzan el plantel, el presidente indic\u00f3: \u201cAgradecemos a los comercios, empresas que nos apoyan, pero esto requiere un gran esfuerzo, debemos poner la cuota de trabajo desde nuestro club, sabemos que esto se logra con el acompa\u00f1amiento del p\u00fablico asistiendo a la cancha, por eso nosotros ponemos este esfuerzo para lograr la mejor representaci\u00f3n, cubrir las expectativas deportivas e institucional. Estamos contentos, animados, confiados en hacer un excelente papel en el torneo federal\u201d.<\/p>\n<p class=\"x_MsoNormal\" aria-hidden=\"true\">\n<p class=\"x_MsoNormal\">Hemos presentado la respectiva carpeta al gobernador de la provincia, somos optimistas para la respuesta\u201d.<\/p>\n<p class=\"x_MsoNormal\" aria-hidden=\"true\">\n<p class=\"x_MsoNormal\">UN GRUPO UNIDO, SOMOS LA CARA DEL F\u00daTBOL GOYANO<\/p>\n<p class=\"x_MsoNormal\">Las caras nuevas del equipo destacaron la fortaleza del grupo, \u201cel plantel est\u00e1 bien, estamos unidos, seguros de hacer la mejor representaci\u00f3n. Estamos conscientes que somos representantes del f\u00fatbol goyano, ahora nos queda el debut, esperando que la gente nos acompa\u00f1e en cada juego, sobre todo de local, entendiendo que la clave es esta manera de trabajar, unidos y todos juntos hacia el mismo objetivo\u201d.<\/p>\n<p class=\"x_MsoNormal\" aria-hidden=\"true\">\n<p class=\"x_MsoNormal\">De esta manera qued\u00f3 oficialmente presentado ante los medios y periodistas el equipo del Club Social y Sportivo Surubi que emprender\u00e1 a partir del mes de noviembre su recorrido Federal en el F\u00fatbol.<\/p>\n","protected":false},"excerpt":{"rendered":"<p>Con enormes expectativas y una gran pasi\u00f3n en el proyecto deportivo, el club afiliado a la Liga Goyana de F\u00fatbol, Sportivo Surub\u00ed, se prepara para debutar en el Torneo Federal Regional Amateur compartiendo la zona junto a los clubes Deportivo Mandiy\u00fa de Corrientes y Defensores de San Roque. El partido que marcar\u00e1 el inicio en [&hellip;]<\/p>\n","protected":false},"author":2,"featured_media":2415,"comment_status":"open","ping_status":"open","sticky":false,"template":"","format":"standard","meta":{"footnotes":""},"categories":[76],"tags":[],"class_list":{"0":"post-2414","1":"post","2":"type-post","3":"status-publish","4":"format-standard","5":"has-post-thumbnail","7":"category-deportes"},"_links":{"self":[{"href":"https:\/\/elpueblonoticia.com.ar\/web\/wp-json\/wp\/v2\/posts\/2414","targetHints":{"allow":["GET"]}}],"collection":[{"href":"https:\/\/elpueblonoticia.com.ar\/web\/wp-json\/wp\/v2\/posts"}],"about":[{"href":"https:\/\/elpueblonoticia.com.ar\/web\/wp-json\/wp\/v2\/types\/post"}],"author":[{"embeddable":true,"href":"https:\/\/elpueblonoticia.com.ar\/web\/wp-json\/wp\/v2\/users\/2"}],"replies":[{"embeddable":true,"href":"https:\/\/elpueblonoticia.com.ar\/web\/wp-json\/wp\/v2\/comments?post=2414"}],"version-history":[{"count":0,"href":"https:\/\/elpueblonoticia.com.ar\/web\/wp-json\/wp\/v2\/posts\/2414\/revisions"}],"wp:featuredmedia":[{"embeddable":true,"href":"https:\/\/elpueblonoticia.com.ar\/web\/wp-json\/wp\/v2\/media\/2415"}],"wp:attachment":[{"href":"https:\/\/elpueblonoticia.com.ar\/web\/wp-json\/wp\/v2\/media?parent=2414"}],"wp:term":[{"taxonomy":"category","embeddable":true,"href":"https:\/\/elpueblonoticia.com.ar\/web\/wp-json\/wp\/v2\/categories?post=2414"},{"taxonomy":"post_tag","embeddable":true,"href":"https:\/\/elpueblonoticia.com.ar\/web\/wp-json\/wp\/v2\/tags?post=2414"}],"curies":[{"name":"wp","href":"https:\/\/api.w.org\/{rel}","templated":true}]}}