{"id":2403,"date":"2025-10-24T08:48:42","date_gmt":"2025-10-24T11:48:42","guid":{"rendered":"https:\/\/elpueblonoticia.com.ar\/web\/?p=2403"},"modified":"2025-10-24T08:48:42","modified_gmt":"2025-10-24T11:48:42","slug":"colectivos-urbanos-gratuitos-en-goya-durante-la-jornada-electoral-del-domingo","status":"publish","type":"post","link":"https:\/\/elpueblonoticia.com.ar\/web\/2025\/10\/24\/colectivos-urbanos-gratuitos-en-goya-durante-la-jornada-electoral-del-domingo\/","title":{"rendered":"COLECTIVOS URBANOS GRATUITOS EN GOYA DURANTE LA JORNADA ELECTORAL DEL DOMINGO"},"content":{"rendered":"<p class=\"x_MsoNormal\" data-olk-copy-source=\"MessageBody\">Este domingo 26 de octubre, con motivo de las elecciones legislativas, el servicio de transporte urbano en Goya ser\u00e1 gratuito durante toda la jornada.<\/p>\n<p class=\"x_MsoNormal\">\u201cComunicamos que este domingo 26 de octubre, con motivo de las elecciones legislativas, el servicio de colectivos urbanos de Goya ser\u00e1 gratuito durante toda la jornada para que todos los vecinos puedan trasladarse a sus lugares de votaci\u00f3n y poder emitir su sufragio\u201d, expres\u00f3 el jefe comunal de nuestra ciudad.<\/p>\n<p class=\"x_MsoNormal\">La medida busca facilitar la movilidad de los ciudadanos y garantizar que todos los goyanos puedan ejercer su derecho al voto sin inconvenientes. Desde Vitur remarcaron que los colectivos circular\u00e1n con los recorridos y horarios habituales, aunque se prev\u00e9 un refuerzo en las primeras horas de la ma\u00f1ana y al cierre de los comicios para acompa\u00f1ar la mayor demanda.<\/p>\n<p class=\"x_MsoNormal\" aria-hidden=\"true\">\n","protected":false},"excerpt":{"rendered":"<p>Este domingo 26 de octubre, con motivo de las elecciones legislativas, el servicio de transporte urbano en Goya ser\u00e1 gratuito durante toda la jornada. \u201cComunicamos que este domingo 26 de octubre, con motivo de las elecciones legislativas, el servicio de colectivos urbanos de Goya ser\u00e1 gratuito durante toda la jornada para que todos los vecinos [&hellip;]<\/p>\n","protected":false},"author":2,"featured_media":2404,"comment_status":"open","ping_status":"open","sticky":false,"template":"","format":"standard","meta":{"footnotes":""},"categories":[56],"tags":[],"class_list":{"0":"post-2403","1":"post","2":"type-post","3":"status-publish","4":"format-standard","5":"has-post-thumbnail","7":"category-locales"},"_links":{"self":[{"href":"https:\/\/elpueblonoticia.com.ar\/web\/wp-json\/wp\/v2\/posts\/2403","targetHints":{"allow":["GET"]}}],"collection":[{"href":"https:\/\/elpueblonoticia.com.ar\/web\/wp-json\/wp\/v2\/posts"}],"about":[{"href":"https:\/\/elpueblonoticia.com.ar\/web\/wp-json\/wp\/v2\/types\/post"}],"author":[{"embeddable":true,"href":"https:\/\/elpueblonoticia.com.ar\/web\/wp-json\/wp\/v2\/users\/2"}],"replies":[{"embeddable":true,"href":"https:\/\/elpueblonoticia.com.ar\/web\/wp-json\/wp\/v2\/comments?post=2403"}],"version-history":[{"count":0,"href":"https:\/\/elpueblonoticia.com.ar\/web\/wp-json\/wp\/v2\/posts\/2403\/revisions"}],"wp:featuredmedia":[{"embeddable":true,"href":"https:\/\/elpueblonoticia.com.ar\/web\/wp-json\/wp\/v2\/media\/2404"}],"wp:attachment":[{"href":"https:\/\/elpueblonoticia.com.ar\/web\/wp-json\/wp\/v2\/media?parent=2403"}],"wp:term":[{"taxonomy":"category","embeddable":true,"href":"https:\/\/elpueblonoticia.com.ar\/web\/wp-json\/wp\/v2\/categories?post=2403"},{"taxonomy":"post_tag","embeddable":true,"href":"https:\/\/elpueblonoticia.com.ar\/web\/wp-json\/wp\/v2\/tags?post=2403"}],"curies":[{"name":"wp","href":"https:\/\/api.w.org\/{rel}","templated":true}]}}