{"id":2389,"date":"2025-10-24T07:15:27","date_gmt":"2025-10-24T10:15:27","guid":{"rendered":"https:\/\/elpueblonoticia.com.ar\/web\/?p=2389"},"modified":"2025-10-24T07:15:27","modified_gmt":"2025-10-24T10:15:27","slug":"vibrante-noche-de-basquet-en-el-gigante-del-nordeste-goya-se-midio-ante-comunicaciones-de-mercedes-en-un-amistoso-de-alto-nivel","status":"publish","type":"post","link":"https:\/\/elpueblonoticia.com.ar\/web\/2025\/10\/24\/vibrante-noche-de-basquet-en-el-gigante-del-nordeste-goya-se-midio-ante-comunicaciones-de-mercedes-en-un-amistoso-de-alto-nivel\/","title":{"rendered":"VIBRANTE NOCHE DE B\u00c1SQUET EN EL \u201cGIGANTE DEL NORDESTE\u201d: GOYA SE MIDI\u00d3 ANTE COMUNICACIONES DE MERCEDES EN UN AMISTOSO DE ALTO NIVEL"},"content":{"rendered":"<p data-olk-copy-source=\"MessageBody\"><img loading=\"lazy\" decoding=\"async\" class=\"alignnone size-medium wp-image-2391\" src=\"https:\/\/elpueblonoticia.com.ar\/web\/wp-content\/uploads\/2025\/10\/goya-vs-comunicaciones-5-300x199.jpeg\" alt=\"\" width=\"300\" height=\"199\" srcset=\"https:\/\/elpueblonoticia.com.ar\/web\/wp-content\/uploads\/2025\/10\/goya-vs-comunicaciones-5-300x199.jpeg 300w, https:\/\/elpueblonoticia.com.ar\/web\/wp-content\/uploads\/2025\/10\/goya-vs-comunicaciones-5-632x420.jpeg 632w, https:\/\/elpueblonoticia.com.ar\/web\/wp-content\/uploads\/2025\/10\/goya-vs-comunicaciones-5-696x463.jpeg 696w, https:\/\/elpueblonoticia.com.ar\/web\/wp-content\/uploads\/2025\/10\/goya-vs-comunicaciones-5.jpeg 719w\" sizes=\"auto, (max-width: 300px) 100vw, 300px\" \/><img loading=\"lazy\" decoding=\"async\" class=\"alignnone size-medium wp-image-2392\" src=\"https:\/\/elpueblonoticia.com.ar\/web\/wp-content\/uploads\/2025\/10\/goya-vs-comunicaciones-3-300x199.jpeg\" alt=\"\" width=\"300\" height=\"199\" srcset=\"https:\/\/elpueblonoticia.com.ar\/web\/wp-content\/uploads\/2025\/10\/goya-vs-comunicaciones-3-300x199.jpeg 300w, https:\/\/elpueblonoticia.com.ar\/web\/wp-content\/uploads\/2025\/10\/goya-vs-comunicaciones-3-632x420.jpeg 632w, https:\/\/elpueblonoticia.com.ar\/web\/wp-content\/uploads\/2025\/10\/goya-vs-comunicaciones-3-696x463.jpeg 696w, https:\/\/elpueblonoticia.com.ar\/web\/wp-content\/uploads\/2025\/10\/goya-vs-comunicaciones-3.jpeg 719w\" sizes=\"auto, (max-width: 300px) 100vw, 300px\" \/><\/p>\n<p class=\"x_MsoNormal\" data-olk-copy-source=\"MessageBody\">El estadio de AMAD fue escenario de un apasionante encuentro de pretemporada entre el seleccionado goyano y Comunicaciones de Mercedes, equipo que volver\u00e1 a competir en la Liga Nacional. Una noche de emociones, reencuentros y compa\u00f1erismo en torno al deporte que une a Corrientes: el b\u00e1squet.<\/p>\n<p class=\"x_MsoNormal\">En la noche del mi\u00e9rcoles 22 de octubre, el b\u00e1squet volvi\u00f3 a vibrar en Goya. El Gigante del Nordeste del Club AMAD fue testigo de un partido amistoso de pretemporada que enfrent\u00f3 al seleccionado de Goya, bajo la \u00f3rbita de la Asociaci\u00f3n Goyana de B\u00e1squetbol, contra Comunicaciones de Mercedes, elenco que se prepara para una nueva temporada en la Liga Nacional de B\u00e1squetbol.<\/p>\n<p class=\"x_MsoNormal\">El p\u00fablico acompa\u00f1\u00f3, disfrutando de un espect\u00e1culo deportivo que dej\u00f3 buenas sensaciones y mostr\u00f3 la calidad de ambos planteles.<\/p>\n<p class=\"x_MsoNormal\">El combinado goyano, dirigido por Juan Humberto \u201cTano\u201d L\u00f3pez R\u00edos y\u00a0 Agust\u00edn Rojas , cont\u00f3 con Tob\u00edas Colombo, Facundo Rojas, Santiago Infante, Joaqu\u00edn del Conte, Gonzalo Spikerman, Facundo Vicent\u00edn, Tob\u00edas Colombo, Franco Piasentini, Jos\u00e9 Gonz\u00e1lez, Nahuel Cisneros, Tomas Lacava, Diego Holtz y Luciano Pozzer.<\/p>\n<p class=\"x_MsoNormal\">Por su parte, Comunicaciones de Mercedes, dirigido por Ignacio \u201cTiti\u201d Barsanti y con Alfonso como asistente t\u00e9cnico, present\u00f3 un plantel s\u00f3lido con jugadores de jerarqu\u00eda como \u00c1ngel Az\u00facar, Francisco Otaduy, Franco Fragozo, Valent\u00edn Gim\u00e9nez, Agust\u00edn Bruner, el venezolano Franger Pirela, , Tom\u00e1s Allende, Dami\u00e1n Pineda, Raimod Bastardo, Facundo Wolinsky y Philipe Lockett.<\/p>\n<p class=\"x_MsoNormal\">Los \u00e1rbitros Alejandro Costa y Guido Estigarribia controlaron un partido parejo, donde los mercede\u00f1os se impusieron finalmente por 68 a 54, con parciales de 25-11, 36-30, 51-45 y 68-54.<\/p>\n<p class=\"x_MsoNormal\">M\u00e1s all\u00e1 del resultado, el encuentro fue una verdadera fiesta del b\u00e1squet correntino. Al finalizar, ambos equipos posaron juntos para la foto final, en un gesto de compa\u00f1erismo y respeto deportivo.<\/p>\n<p class=\"x_MsoNormal\">SANTIAGO INFANTE Y TOM\u00c1S ALLENDE: AMISTAD Y RIVALIDAD<\/p>\n<p class=\"x_MsoNormal\">Entre los protagonistas, hubo una historia especial. Santiago Infante, jugador del seleccionado goyano que disputa el Pre Federal con Uni\u00f3n, y Tom\u00e1s Allende, unas de las figuras de Comunicaciones, se reencontraron en la cancha tras mucho tiempo.<\/p>\n<p class=\"x_MsoNormal\">Allende destac\u00f3 la importancia del amistoso: \u201cFue un lindo encuentro, nos sirvi\u00f3 para conocernos un poco m\u00e1s. Ayer tuvimos otro amistoso y ya no queda nada para el inicio de la Liga Nacional. Que sea lo mejor para nosotros\u201d.<\/p>\n<p class=\"x_MsoNormal\">Infante, en tanto, expres\u00f3: \u201cFue todo muy sorpresivo. Nos comunicaron hace dos d\u00edas sobre este partido. Con pocos entrenamientos creo que pudimos hacerles partido a Comunicaciones y nos sirvi\u00f3 para seguir tomando rodaje y pensar en lo que sigue\u201d.<\/p>\n<p class=\"x_MsoNormal\">Sobre el reencuentro con su amigo, el goyano no ocult\u00f3 su emoci\u00f3n: \u201cEs mi mejor amigo \u2014por Allende\u2014, compartimos varios equipos y hace mucho que no nos ve\u00edamos. Surgi\u00f3 esta posibilidad de jugar en contra, as\u00ed que m\u00e1s que feliz\u201d.<\/p>\n<p class=\"x_MsoNormal\">Allende coincidi\u00f3 con ese sentimiento y subray\u00f3: \u201cLa amistad no tiene precio. Eso es lo que te deja el b\u00e1squet para toda la vida, y es algo muy lindo. Ellos nos dieron un buen partido, nosotros nos fuimos soltando y nos sirvi\u00f3 a todos para seguir progresando. Fue un lindo espect\u00e1culo\u201d.<\/p>\n<p class=\"x_MsoNormal\">Infante, reflexionando sobre el valor de este combinado goyano (con jugadores de AMAD y UNI\u00d3N que disputan el Pre Federal), a\u00f1adi\u00f3: \u201cSupimos amistarnos en un momento. Ven\u00edamos de ser rivales hace poco en el Pre Federal, pero ten\u00edamos que dejar eso de lado y dar un buen espect\u00e1culo. Lo importante fue eso: ver a los dos t\u00e9cnicos rivales juntos en un mismo equipo\u201d.<\/p>\n<p class=\"x_MsoNormal\">FRANGER PIRELA: UNA VOZ VENEZOLANA EN EL \u201cAURINEGRO\u201d<\/p>\n<p class=\"x_MsoNormal\">El escolta venezolano Franger Pirela, refuerzo de Comunicaciones para la temporada 2025\/26, analiz\u00f3 el encuentro y su adaptaci\u00f3n al equipo: \u201cFue nuestro \u00faltimo partido de pretemporada, ajustando detalles y conociendo a los compa\u00f1eros y al cuerpo t\u00e9cnico. Estos d\u00edas son clave para prepararnos para el debut\u201d.<\/p>\n<p class=\"x_MsoNormal\">Sobre su estad\u00eda en Corrientes, expres\u00f3: \u201cBonita experiencia, agradecido con el club por la oportunidad. Seguir\u00e9 aportando mi granito de arena para lograr el objetivo que queremos\u201d.<\/p>\n<p class=\"x_MsoNormal\">Y respecto a su estado f\u00edsico, afirm\u00f3: \u201cLlego muy bien, con buenas sensaciones. Me falta ajustar algunos detalles colectivos, pero eso se trabaja con el tiempo\u201d.<\/p>\n<p class=\"x_MsoNormal\">DAMI\u00c1N PINEDA: \u201cSOMOS UN EQUIPO NUEVO, EN PLENA CONSTRUCCI\u00d3N\u201d<\/p>\n<p class=\"x_MsoNormal\">Otro de los referentes de Comunicaciones, Dami\u00e1n Pineda, tambi\u00e9n dej\u00f3 sus sensaciones: \u201cFue un partido de preparaci\u00f3n. Somos un equipo nuevo, en total construcci\u00f3n. Tenemos algunos lesionados y todav\u00eda no pudimos entrenar todos juntos. Se nota, pero no es excusa\u201d.<\/p>\n<p class=\"x_MsoNormal\">Y a\u00f1adi\u00f3: \u201cHay que aceitar muchas cosas, sobre todo en defensa. Venimos con ideas nuevas del t\u00e9cnico, y hay que ponerse finos en los detalles\u201d.<\/p>\n<p class=\"x_MsoNormal\">Sobre lo personal, Pineda coment\u00f3: \u201cVengo con algunas molestias, pero me sent\u00ed bien. Tenemos un equipo joven con un mix de experiencia, y eso es importante para afrontar una categor\u00eda tan exigente\u201d.<\/p>\n<p class=\"x_MsoNormal\">Con visi\u00f3n de futuro, recalc\u00f3: \u201cHay que ajustar detalles. La liga ser\u00e1 larga y competitiva. El que tenga un plantel largo y sepa usarlo, sacar\u00e1 ventaja. El t\u00e9cnico busca eso, como hizo en Instituto. Material hay, es cuesti\u00f3n de convencerse\u201d.<\/p>\n<p class=\"x_MsoNormal\">Finalmente, tuvo palabras para el seleccionado goyano: \u201cAgradecido, porque nos sirvi\u00f3 mucho de cara a la preparaci\u00f3n. A varios jugadores los enfrent\u00e9 cuando jugaba en Sarmiento. Sali\u00f3 un lindo espect\u00e1culo, en un estadio que ya conoc\u00eda y que me trae buenos recuerdos\u201d.<\/p>\n<p class=\"x_MsoNormal\">IGNACIO \u201cTITI\u201d BARSANTI: \u201cESTAMOS CONSTRUYENDO NUESTRA IDENTIDAD\u201d<\/p>\n<p class=\"x_MsoNormal\">El entrenador de Comunicaciones, Ignacio Barsanti, destac\u00f3 el valor del amistoso: \u201cMuy agradecido a la gente de Goya por este amistoso. Nos vino b\u00e1rbaro para seguir retomando ritmo y las transferencias que buscamos en los entrenamientos. Estamos en un periodo de construcci\u00f3n, con un equipo muy nuevo, buscando una filosof\u00eda de juego din\u00e1mica\u201d.<\/p>\n<p class=\"x_MsoNormal\">Sobre la gesti\u00f3n del encuentro, explic\u00f3: \u201cCuando Facundo me coment\u00f3 la posibilidad, le dije que s\u00ed enseguida. Nos sirve mucho porque eleva el nivel competitivo, tanto para nosotros como para los chicos del Pre Federal de Goya\u201d.<\/p>\n<p class=\"x_MsoNormal\">Y agreg\u00f3: \u201cFue un juego fluido. Me gust\u00f3 poder ensayar situaciones que nos pusieron en aprietos, porque justamente buscamos eso: resolver ante la adversidad\u201d.<\/p>\n<p class=\"x_MsoNormal\">Barsanti valor\u00f3 adem\u00e1s el trabajo f\u00edsico de su plantel: \u201cLos chicos han hecho un trabajo enorme. Estamos en la quinta semana de preparaci\u00f3n, con mucha intensidad. Es normal que se note el cansancio, pero el profe Franco hizo un trabajo impecable\u201d.<\/p>\n<p class=\"x_MsoNormal\">Con visi\u00f3n a futuro, fue claro: \u201cQueremos seguir avanzando. La idea es llegar a los playoff, pero sabemos que esto es una construcci\u00f3n diaria\u201d.<\/p>\n<p class=\"x_MsoNormal\">Y concluy\u00f3 con una sonrisa: \u201cPrimera vez en Goya, el club est\u00e1 hermoso. Me gust\u00f3 mucho que la gente venga a la cancha. Estoy muy contento de estar ac\u00e1\u201d.<\/p>\n<p class=\"x_MsoNormal\">HERN\u00c1N LAPROVITTA: \u201cOJALA EL PROXIMO A\u00d1O TENGAMOS UN PARTIDO DE LIGA NACIONAL EN GOYA\u201d<\/p>\n<p class=\"x_MsoNormal\">El presidente de la Asociaci\u00f3n Goyana de B\u00e1squetbol, Hern\u00e1n Laprovitta, valor\u00f3 la jornada como un verdadero \u00e9xito: \u201cPudimos traer a un equipo de Liga y me sorprendi\u00f3 la calidad de los jugadores. Los chicos de Goya estuvieron a la altura, fue un partido lindo y parejo\u201d.<\/p>\n<p class=\"x_MsoNormal\">Con una mirada positiva, a\u00f1adi\u00f3: \u201cLo m\u00e1s lindo fue el espect\u00e1culo para la ciudad. Vali\u00f3 la pena el esfuerzo. Me hubiese gustado m\u00e1s p\u00fablico, pero espero que no sea la \u00faltima vez y que tengamos mayor acompa\u00f1amiento\u201d.<\/p>\n<p class=\"x_MsoNormal\">Sobre c\u00f3mo surgi\u00f3 la iniciativa, explic\u00f3: \u201cCon Facundo ven\u00edamos hablando hace tiempo. Ellos quieren competir en nuestras formativas el a\u00f1o que viene, y justo se dio que estaban en pretemporada, as\u00ed que conversando logramos que vinieran a Goya\u201d.<\/p>\n<p class=\"x_MsoNormal\">Laprovitta adelant\u00f3 adem\u00e1s una posibilidad que entusiasma: \u201cLe propuse a Facundo que Comunicaciones dispute alg\u00fan partido de Liga en nuestra ciudad, ya que contamos con buena infraestructura y le gust\u00f3 la idea\u201d.<\/p>\n<p class=\"x_MsoNormal\">Y cerr\u00f3 con un mensaje esperanzador: \u201cSi trabajamos en conjunto con la Municipalidad y contamos con el acompa\u00f1amiento necesario, ojal\u00e1 el pr\u00f3ximo a\u00f1o tengamos un partido de Liga en Goya. Las puertas est\u00e1n abiertas y las conversaciones ya est\u00e1n en marcha\u201d.<\/p>\n<p class=\"x_MsoNormal\">El amistoso entre el seleccionado goyano y Comunicaciones de Mercedes fue mucho m\u00e1s que un partido: fue una celebraci\u00f3n del b\u00e1squet correntino, del esfuerzo compartido y de la amistad que trasciende las camisetas.<\/p>\n<p class=\"x_MsoNormal\" aria-hidden=\"true\">\n","protected":false},"excerpt":{"rendered":"<p>El estadio de AMAD fue escenario de un apasionante encuentro de pretemporada entre el seleccionado goyano y Comunicaciones de Mercedes, equipo que volver\u00e1 a competir en la Liga Nacional. Una noche de emociones, reencuentros y compa\u00f1erismo en torno al deporte que une a Corrientes: el b\u00e1squet. En la noche del mi\u00e9rcoles 22 de octubre, el [&hellip;]<\/p>\n","protected":false},"author":2,"featured_media":2390,"comment_status":"open","ping_status":"open","sticky":false,"template":"","format":"standard","meta":{"footnotes":""},"categories":[76],"tags":[],"class_list":{"0":"post-2389","1":"post","2":"type-post","3":"status-publish","4":"format-standard","5":"has-post-thumbnail","7":"category-deportes"},"_links":{"self":[{"href":"https:\/\/elpueblonoticia.com.ar\/web\/wp-json\/wp\/v2\/posts\/2389","targetHints":{"allow":["GET"]}}],"collection":[{"href":"https:\/\/elpueblonoticia.com.ar\/web\/wp-json\/wp\/v2\/posts"}],"about":[{"href":"https:\/\/elpueblonoticia.com.ar\/web\/wp-json\/wp\/v2\/types\/post"}],"author":[{"embeddable":true,"href":"https:\/\/elpueblonoticia.com.ar\/web\/wp-json\/wp\/v2\/users\/2"}],"replies":[{"embeddable":true,"href":"https:\/\/elpueblonoticia.com.ar\/web\/wp-json\/wp\/v2\/comments?post=2389"}],"version-history":[{"count":0,"href":"https:\/\/elpueblonoticia.com.ar\/web\/wp-json\/wp\/v2\/posts\/2389\/revisions"}],"wp:featuredmedia":[{"embeddable":true,"href":"https:\/\/elpueblonoticia.com.ar\/web\/wp-json\/wp\/v2\/media\/2390"}],"wp:attachment":[{"href":"https:\/\/elpueblonoticia.com.ar\/web\/wp-json\/wp\/v2\/media?parent=2389"}],"wp:term":[{"taxonomy":"category","embeddable":true,"href":"https:\/\/elpueblonoticia.com.ar\/web\/wp-json\/wp\/v2\/categories?post=2389"},{"taxonomy":"post_tag","embeddable":true,"href":"https:\/\/elpueblonoticia.com.ar\/web\/wp-json\/wp\/v2\/tags?post=2389"}],"curies":[{"name":"wp","href":"https:\/\/api.w.org\/{rel}","templated":true}]}}