{"id":2380,"date":"2025-10-23T10:04:35","date_gmt":"2025-10-23T13:04:35","guid":{"rendered":"https:\/\/elpueblonoticia.com.ar\/web\/?p=2380"},"modified":"2025-10-23T10:04:35","modified_gmt":"2025-10-23T13:04:35","slug":"mes-de-la-plena-inclusion-4","status":"publish","type":"post","link":"https:\/\/elpueblonoticia.com.ar\/web\/2025\/10\/23\/mes-de-la-plena-inclusion-4\/","title":{"rendered":"MES DE LA PLENA INCLUSI\u00d3N"},"content":{"rendered":"<p data-olk-copy-source=\"MessageBody\"><img loading=\"lazy\" decoding=\"async\" class=\"alignnone size-medium wp-image-2382\" src=\"https:\/\/elpueblonoticia.com.ar\/web\/wp-content\/uploads\/2025\/10\/mes-plena-inclusion-1-charla-en-CONIN-300x225.jpg\" alt=\"\" width=\"300\" height=\"225\" srcset=\"https:\/\/elpueblonoticia.com.ar\/web\/wp-content\/uploads\/2025\/10\/mes-plena-inclusion-1-charla-en-CONIN-300x225.jpg 300w, https:\/\/elpueblonoticia.com.ar\/web\/wp-content\/uploads\/2025\/10\/mes-plena-inclusion-1-charla-en-CONIN-1024x768.jpg 1024w, https:\/\/elpueblonoticia.com.ar\/web\/wp-content\/uploads\/2025\/10\/mes-plena-inclusion-1-charla-en-CONIN-768x576.jpg 768w, https:\/\/elpueblonoticia.com.ar\/web\/wp-content\/uploads\/2025\/10\/mes-plena-inclusion-1-charla-en-CONIN-1536x1152.jpg 1536w, https:\/\/elpueblonoticia.com.ar\/web\/wp-content\/uploads\/2025\/10\/mes-plena-inclusion-1-charla-en-CONIN-560x420.jpg 560w, https:\/\/elpueblonoticia.com.ar\/web\/wp-content\/uploads\/2025\/10\/mes-plena-inclusion-1-charla-en-CONIN-80x60.jpg 80w, https:\/\/elpueblonoticia.com.ar\/web\/wp-content\/uploads\/2025\/10\/mes-plena-inclusion-1-charla-en-CONIN-696x522.jpg 696w, https:\/\/elpueblonoticia.com.ar\/web\/wp-content\/uploads\/2025\/10\/mes-plena-inclusion-1-charla-en-CONIN-1068x801.jpg 1068w, https:\/\/elpueblonoticia.com.ar\/web\/wp-content\/uploads\/2025\/10\/mes-plena-inclusion-1-charla-en-CONIN-265x198.jpg 265w, https:\/\/elpueblonoticia.com.ar\/web\/wp-content\/uploads\/2025\/10\/mes-plena-inclusion-1-charla-en-CONIN.jpg 1600w\" sizes=\"auto, (max-width: 300px) 100vw, 300px\" \/><img loading=\"lazy\" decoding=\"async\" class=\"alignnone size-medium wp-image-2383\" src=\"https:\/\/elpueblonoticia.com.ar\/web\/wp-content\/uploads\/2025\/10\/mes-plena-inclusion-5-charla-CIEE-Flyr-213x300.jpg\" alt=\"\" width=\"213\" height=\"300\" srcset=\"https:\/\/elpueblonoticia.com.ar\/web\/wp-content\/uploads\/2025\/10\/mes-plena-inclusion-5-charla-CIEE-Flyr-213x300.jpg 213w, https:\/\/elpueblonoticia.com.ar\/web\/wp-content\/uploads\/2025\/10\/mes-plena-inclusion-5-charla-CIEE-Flyr-298x420.jpg 298w, https:\/\/elpueblonoticia.com.ar\/web\/wp-content\/uploads\/2025\/10\/mes-plena-inclusion-5-charla-CIEE-Flyr.jpg 558w\" sizes=\"auto, (max-width: 213px) 100vw, 213px\" \/><img loading=\"lazy\" decoding=\"async\" class=\"alignnone size-medium wp-image-2384\" src=\"https:\/\/elpueblonoticia.com.ar\/web\/wp-content\/uploads\/2025\/10\/mes-plena-inclusion-4-charla-centro-terapeutico-flyr-211x300.jpg\" alt=\"\" width=\"211\" height=\"300\" srcset=\"https:\/\/elpueblonoticia.com.ar\/web\/wp-content\/uploads\/2025\/10\/mes-plena-inclusion-4-charla-centro-terapeutico-flyr-211x300.jpg 211w, https:\/\/elpueblonoticia.com.ar\/web\/wp-content\/uploads\/2025\/10\/mes-plena-inclusion-4-charla-centro-terapeutico-flyr-296x420.jpg 296w, https:\/\/elpueblonoticia.com.ar\/web\/wp-content\/uploads\/2025\/10\/mes-plena-inclusion-4-charla-centro-terapeutico-flyr.jpg 662w\" sizes=\"auto, (max-width: 211px) 100vw, 211px\" \/><img loading=\"lazy\" decoding=\"async\" class=\"alignnone size-medium wp-image-2385\" src=\"https:\/\/elpueblonoticia.com.ar\/web\/wp-content\/uploads\/2025\/10\/mes-plena-inclusion-2-charla-en-CONIN-300x169.jpg\" alt=\"\" width=\"300\" height=\"169\" srcset=\"https:\/\/elpueblonoticia.com.ar\/web\/wp-content\/uploads\/2025\/10\/mes-plena-inclusion-2-charla-en-CONIN-300x169.jpg 300w, https:\/\/elpueblonoticia.com.ar\/web\/wp-content\/uploads\/2025\/10\/mes-plena-inclusion-2-charla-en-CONIN-1024x576.jpg 1024w, https:\/\/elpueblonoticia.com.ar\/web\/wp-content\/uploads\/2025\/10\/mes-plena-inclusion-2-charla-en-CONIN-768x432.jpg 768w, https:\/\/elpueblonoticia.com.ar\/web\/wp-content\/uploads\/2025\/10\/mes-plena-inclusion-2-charla-en-CONIN-1536x864.jpg 1536w, https:\/\/elpueblonoticia.com.ar\/web\/wp-content\/uploads\/2025\/10\/mes-plena-inclusion-2-charla-en-CONIN-2048x1152.jpg 2048w, https:\/\/elpueblonoticia.com.ar\/web\/wp-content\/uploads\/2025\/10\/mes-plena-inclusion-2-charla-en-CONIN-747x420.jpg 747w, https:\/\/elpueblonoticia.com.ar\/web\/wp-content\/uploads\/2025\/10\/mes-plena-inclusion-2-charla-en-CONIN-696x392.jpg 696w, https:\/\/elpueblonoticia.com.ar\/web\/wp-content\/uploads\/2025\/10\/mes-plena-inclusion-2-charla-en-CONIN-1068x601.jpg 1068w\" sizes=\"auto, (max-width: 300px) 100vw, 300px\" \/><\/p>\n<p class=\"x_MsoNormal\" data-olk-copy-source=\"MessageBody\">Durante la ma\u00f1ana del mi\u00e9rcoles, en la Sede CONIN Goya se desarroll\u00f3 la charla destinada a profesionales, familias y p\u00fablico en general sobre el abordaje interdisciplinario en CEA, Condici\u00f3n del Espectro Autista), de una manera sencilla los profesionales basados en soportes tecnol\u00f3gicos explicaron sobre este tema, incluyendo adem\u00e1s en la charla aspectos relacionados a la salud alimentaria, h\u00e1bitos saludables, derecho y educaci\u00f3n.<\/p>\n<p class=\"x_MsoNormal\" aria-hidden=\"true\">\n<p class=\"x_MsoNormal\">Estas actividades forman parte del calendario establecido para octubre el mes de la plena inclusi\u00f3n<\/p>\n<p class=\"x_MsoNormal\" aria-hidden=\"true\">\n<p class=\"x_MsoNormal\">Las instituciones educativas, centros terap\u00e9uticos asociaciones y fundaciones tienen asignado una fecha en este programa para desarrollar diversas tem\u00e1ticas referidas al trabajo y promoci\u00f3n de las personas con discapacidad, su entorno social y familiar.<\/p>\n<p class=\"x_MsoNormal\" aria-hidden=\"true\">\n<p class=\"x_MsoNormal\">PR\u00d3XIMAS ACTIVIDADES<\/p>\n<p class=\"x_MsoNormal\" aria-hidden=\"true\">\n<p class=\"x_MsoNormal\">CHARLA: PREMATUREZ Y DISCAPACIDAD<\/p>\n<p class=\"x_MsoNormal\">Organizado por el Centro Integral Terap\u00e9utico esta jornada se realizar\u00e1 el viernes 24 a partir de las 10 y 30 horas, en el Club de Emprendedores, sito en calle Colon 871, la inscripci\u00f3n es gratuita, los cupos son limitados se invita a consultar e inscribirse a trav\u00e9s del n\u00famero 3777 413409<\/p>\n<p class=\"x_MsoNormal\">El taller ser\u00e1 brindado por un equipo de profesionales, est\u00e1 dirigido a personal de la salud y la educaci\u00f3n; estudiantes, familias y p\u00fablico en general.<\/p>\n<p class=\"x_MsoNormal\" aria-hidden=\"true\">\n<p class=\"x_MsoNormal\" aria-hidden=\"true\">\n<p class=\"x_MsoNormal\">En la continuidad del programa establecido el CIEE, propone para el pr\u00f3ximo viernes 24, a las 18 y 30 horas en Casa de la Cultura, el tema: Del Aula al Papel; Observaci\u00f3n e Informe para acompa\u00f1ar trayectoria, destinados a docentes del nivel primario.<\/p>\n<p class=\"x_MsoNormal\">La charla es con cupos limitados, se recomienda la inscripci\u00f3n a trav\u00e9s del link de las redes de la entidad organizadora<\/p>\n","protected":false},"excerpt":{"rendered":"<p>Durante la ma\u00f1ana del mi\u00e9rcoles, en la Sede CONIN Goya se desarroll\u00f3 la charla destinada a profesionales, familias y p\u00fablico en general sobre el abordaje interdisciplinario en CEA, Condici\u00f3n del Espectro Autista), de una manera sencilla los profesionales basados en soportes tecnol\u00f3gicos explicaron sobre este tema, incluyendo adem\u00e1s en la charla aspectos relacionados a la [&hellip;]<\/p>\n","protected":false},"author":2,"featured_media":2381,"comment_status":"open","ping_status":"open","sticky":false,"template":"","format":"standard","meta":{"footnotes":""},"categories":[56],"tags":[],"class_list":{"0":"post-2380","1":"post","2":"type-post","3":"status-publish","4":"format-standard","5":"has-post-thumbnail","7":"category-locales"},"_links":{"self":[{"href":"https:\/\/elpueblonoticia.com.ar\/web\/wp-json\/wp\/v2\/posts\/2380","targetHints":{"allow":["GET"]}}],"collection":[{"href":"https:\/\/elpueblonoticia.com.ar\/web\/wp-json\/wp\/v2\/posts"}],"about":[{"href":"https:\/\/elpueblonoticia.com.ar\/web\/wp-json\/wp\/v2\/types\/post"}],"author":[{"embeddable":true,"href":"https:\/\/elpueblonoticia.com.ar\/web\/wp-json\/wp\/v2\/users\/2"}],"replies":[{"embeddable":true,"href":"https:\/\/elpueblonoticia.com.ar\/web\/wp-json\/wp\/v2\/comments?post=2380"}],"version-history":[{"count":0,"href":"https:\/\/elpueblonoticia.com.ar\/web\/wp-json\/wp\/v2\/posts\/2380\/revisions"}],"wp:featuredmedia":[{"embeddable":true,"href":"https:\/\/elpueblonoticia.com.ar\/web\/wp-json\/wp\/v2\/media\/2381"}],"wp:attachment":[{"href":"https:\/\/elpueblonoticia.com.ar\/web\/wp-json\/wp\/v2\/media?parent=2380"}],"wp:term":[{"taxonomy":"category","embeddable":true,"href":"https:\/\/elpueblonoticia.com.ar\/web\/wp-json\/wp\/v2\/categories?post=2380"},{"taxonomy":"post_tag","embeddable":true,"href":"https:\/\/elpueblonoticia.com.ar\/web\/wp-json\/wp\/v2\/tags?post=2380"}],"curies":[{"name":"wp","href":"https:\/\/api.w.org\/{rel}","templated":true}]}}