{"id":2373,"date":"2025-10-23T09:37:48","date_gmt":"2025-10-23T12:37:48","guid":{"rendered":"https:\/\/elpueblonoticia.com.ar\/web\/?p=2373"},"modified":"2025-10-23T09:37:48","modified_gmt":"2025-10-23T12:37:48","slug":"jovenes-musicos-destacan-y-delegacion-participa-en-juegos-zonales","status":"publish","type":"post","link":"https:\/\/elpueblonoticia.com.ar\/web\/2025\/10\/23\/jovenes-musicos-destacan-y-delegacion-participa-en-juegos-zonales\/","title":{"rendered":"J\u00d3VENES M\u00daSICOS DESTACAN Y DELEGACI\u00d3N PARTICIPA EN JUEGOS ZONALES"},"content":{"rendered":"<p data-olk-copy-source=\"MessageBody\"><img loading=\"lazy\" decoding=\"async\" class=\"alignnone size-medium wp-image-2375\" src=\"https:\/\/elpueblonoticia.com.ar\/web\/wp-content\/uploads\/2025\/10\/jovenes-talentos-ilustracion-nota-a-Director-de-Cultuia-2-300x200.jpg\" alt=\"\" width=\"300\" height=\"200\" srcset=\"https:\/\/elpueblonoticia.com.ar\/web\/wp-content\/uploads\/2025\/10\/jovenes-talentos-ilustracion-nota-a-Director-de-Cultuia-2-300x200.jpg 300w, https:\/\/elpueblonoticia.com.ar\/web\/wp-content\/uploads\/2025\/10\/jovenes-talentos-ilustracion-nota-a-Director-de-Cultuia-2-1024x682.jpg 1024w, https:\/\/elpueblonoticia.com.ar\/web\/wp-content\/uploads\/2025\/10\/jovenes-talentos-ilustracion-nota-a-Director-de-Cultuia-2-768x512.jpg 768w, https:\/\/elpueblonoticia.com.ar\/web\/wp-content\/uploads\/2025\/10\/jovenes-talentos-ilustracion-nota-a-Director-de-Cultuia-2-1536x1023.jpg 1536w, https:\/\/elpueblonoticia.com.ar\/web\/wp-content\/uploads\/2025\/10\/jovenes-talentos-ilustracion-nota-a-Director-de-Cultuia-2-630x420.jpg 630w, https:\/\/elpueblonoticia.com.ar\/web\/wp-content\/uploads\/2025\/10\/jovenes-talentos-ilustracion-nota-a-Director-de-Cultuia-2-696x464.jpg 696w, https:\/\/elpueblonoticia.com.ar\/web\/wp-content\/uploads\/2025\/10\/jovenes-talentos-ilustracion-nota-a-Director-de-Cultuia-2-1068x712.jpg 1068w, https:\/\/elpueblonoticia.com.ar\/web\/wp-content\/uploads\/2025\/10\/jovenes-talentos-ilustracion-nota-a-Director-de-Cultuia-2.jpg 1600w\" sizes=\"auto, (max-width: 300px) 100vw, 300px\" \/><img loading=\"lazy\" decoding=\"async\" class=\"alignnone size-medium wp-image-2376\" src=\"https:\/\/elpueblonoticia.com.ar\/web\/wp-content\/uploads\/2025\/10\/jovenes-talentos-ilustracion-nota-a-Director-de-Cultuia-3-300x190.jpg\" alt=\"\" width=\"300\" height=\"190\" srcset=\"https:\/\/elpueblonoticia.com.ar\/web\/wp-content\/uploads\/2025\/10\/jovenes-talentos-ilustracion-nota-a-Director-de-Cultuia-3-300x190.jpg 300w, https:\/\/elpueblonoticia.com.ar\/web\/wp-content\/uploads\/2025\/10\/jovenes-talentos-ilustracion-nota-a-Director-de-Cultuia-3-1024x647.jpg 1024w, https:\/\/elpueblonoticia.com.ar\/web\/wp-content\/uploads\/2025\/10\/jovenes-talentos-ilustracion-nota-a-Director-de-Cultuia-3-768x485.jpg 768w, https:\/\/elpueblonoticia.com.ar\/web\/wp-content\/uploads\/2025\/10\/jovenes-talentos-ilustracion-nota-a-Director-de-Cultuia-3-1536x971.jpg 1536w, https:\/\/elpueblonoticia.com.ar\/web\/wp-content\/uploads\/2025\/10\/jovenes-talentos-ilustracion-nota-a-Director-de-Cultuia-3-665x420.jpg 665w, https:\/\/elpueblonoticia.com.ar\/web\/wp-content\/uploads\/2025\/10\/jovenes-talentos-ilustracion-nota-a-Director-de-Cultuia-3-696x440.jpg 696w, https:\/\/elpueblonoticia.com.ar\/web\/wp-content\/uploads\/2025\/10\/jovenes-talentos-ilustracion-nota-a-Director-de-Cultuia-3-1068x675.jpg 1068w, https:\/\/elpueblonoticia.com.ar\/web\/wp-content\/uploads\/2025\/10\/jovenes-talentos-ilustracion-nota-a-Director-de-Cultuia-3.jpg 1600w\" sizes=\"auto, (max-width: 300px) 100vw, 300px\" \/><img loading=\"lazy\" decoding=\"async\" class=\"alignnone size-medium wp-image-2377\" src=\"https:\/\/elpueblonoticia.com.ar\/web\/wp-content\/uploads\/2025\/10\/jovenes-talentos-ilustracion-nota-a-Director-de-Cultuia-4-300x200.jpg\" alt=\"\" width=\"300\" height=\"200\" srcset=\"https:\/\/elpueblonoticia.com.ar\/web\/wp-content\/uploads\/2025\/10\/jovenes-talentos-ilustracion-nota-a-Director-de-Cultuia-4-300x200.jpg 300w, https:\/\/elpueblonoticia.com.ar\/web\/wp-content\/uploads\/2025\/10\/jovenes-talentos-ilustracion-nota-a-Director-de-Cultuia-4-1024x682.jpg 1024w, https:\/\/elpueblonoticia.com.ar\/web\/wp-content\/uploads\/2025\/10\/jovenes-talentos-ilustracion-nota-a-Director-de-Cultuia-4-768x512.jpg 768w, https:\/\/elpueblonoticia.com.ar\/web\/wp-content\/uploads\/2025\/10\/jovenes-talentos-ilustracion-nota-a-Director-de-Cultuia-4-1536x1023.jpg 1536w, https:\/\/elpueblonoticia.com.ar\/web\/wp-content\/uploads\/2025\/10\/jovenes-talentos-ilustracion-nota-a-Director-de-Cultuia-4-630x420.jpg 630w, https:\/\/elpueblonoticia.com.ar\/web\/wp-content\/uploads\/2025\/10\/jovenes-talentos-ilustracion-nota-a-Director-de-Cultuia-4-696x464.jpg 696w, https:\/\/elpueblonoticia.com.ar\/web\/wp-content\/uploads\/2025\/10\/jovenes-talentos-ilustracion-nota-a-Director-de-Cultuia-4-1068x712.jpg 1068w, https:\/\/elpueblonoticia.com.ar\/web\/wp-content\/uploads\/2025\/10\/jovenes-talentos-ilustracion-nota-a-Director-de-Cultuia-4.jpg 1600w\" sizes=\"auto, (max-width: 300px) 100vw, 300px\" \/><\/p>\n<p class=\"x_MsoNormal\" data-olk-copy-source=\"MessageBody\">Direcci\u00f3n de Cultura<\/p>\n<p class=\"x_MsoNormal\" data-olk-copy-source=\"MessageBody\">La Direcci\u00f3n de Cultura impulsa j\u00f3venes talentos a trav\u00e9s de la Escuela Municipal de M\u00fasica y promueve la participaci\u00f3n en los Juegos Culturales, consolidando el compromiso municipal con el desarrollo art\u00edstico.<\/p>\n<p class=\"x_MsoNormal\" aria-hidden=\"true\">\n<p class=\"x_MsoNormal\">El director de Cultura, Manuel \u201cLito\u201d Zampar, en una entrevista radial, dio detalles sobre las diversas actividades que su \u00e1rea ha estado desarrollando, el pasado fin de semana, en Costanera Norte \u2013 Playa El Inga, las bandas de la escuela de m\u00fasica particip\u00f3 en el festival Goya Rock, una delegaci\u00f3n goyana est\u00e1 participando activamente en la etapa zonal de los Juegos Culturales.<\/p>\n<p class=\"x_MsoNormal\" aria-hidden=\"true\">\n<p class=\"x_MsoNormal\">Zampar destac\u00f3: \u201cEstamos viendo c\u00f3mo se concretan muchos proyectos, es gratificante observar el arduo trabajo de los profesores y el crecimiento personal de los j\u00f3venes m\u00fasicos de la escuela, estos j\u00f3venes no solo est\u00e1n aprendiendo a tocar instrumentos, sino que tambi\u00e9n est\u00e1n leyendo m\u00fasica. Algunos tienen un o\u00eddo absoluto, pero quienes se dedican a la lectura musical son los que realmente avanzan en la ejecuci\u00f3n de sus instrumentos.\u201d<\/p>\n<p class=\"x_MsoNormal\" aria-hidden=\"true\">\n<p class=\"x_MsoNormal\">Adem\u00e1s, a\u00f1adi\u00f3: \u201cLas \u00e1reas de la Direcci\u00f3n han trabajado a conciencia, con el apoyo incondicional del ejecutivo municipal, sin el cual esto no ser\u00eda posible, este crecimiento nos plantea nuevos desaf\u00edos, La Casa de la Cultura se est\u00e1 quedando peque\u00f1a debido a la gran cantidad de actividades, especialmente de la Escuela de M\u00fasica, antes \u00a0los alumnos ven\u00edan, aprend\u00edan y se retiraban en pocos meses, ahora tenemos alumnos que est\u00e1n en su cuarto a\u00f1o y han completado la parte elemental del programa de estudios del conservatorio Fracassi, y otros est\u00e1n pr\u00f3ximos a obtener su t\u00edtulo como profesores superiores de m\u00fasica.\u201d<\/p>\n<p class=\"x_MsoNormal\" aria-hidden=\"true\">\n<p class=\"x_MsoNormal\">JUEGOS CULTURALES<\/p>\n<p class=\"x_MsoNormal\">Una delegaci\u00f3n de la Direcci\u00f3n de Cultura tambi\u00e9n est\u00e1 presente en los Juegos Culturales. \u201cViajaron temprano a Curuz\u00fa Cuati\u00e1 para la instancia zonal de los juegos, participan alumnos de la escuela y j\u00f3venes de 12 a 16 a\u00f1os, as\u00ed como adultos mayores.<\/p>\n<p class=\"x_MsoNormal\">Goya se distingue por ser una de las pocas localidades que participa en todas las categor\u00edas de los juegos, este a\u00f1o-a\u00f1adi\u00f3- tuvimos representaci\u00f3n en \u2018Video minuto\u2019, lo que demuestra el compromiso del municipio, los profesores entienden que la m\u00fasica y el arte son importantes y suman valor, por lo que la instancia local de los juegos culturales es siempre un evento significativo donde cada a\u00f1o emergen nuevos talentos que luego contin\u00faan su carrera art\u00edstica\u201d. Concluy\u00f3 el Director de Cultura<\/p>\n","protected":false},"excerpt":{"rendered":"<p>Direcci\u00f3n de Cultura La Direcci\u00f3n de Cultura impulsa j\u00f3venes talentos a trav\u00e9s de la Escuela Municipal de M\u00fasica y promueve la participaci\u00f3n en los Juegos Culturales, consolidando el compromiso municipal con el desarrollo art\u00edstico. El director de Cultura, Manuel \u201cLito\u201d Zampar, en una entrevista radial, dio detalles sobre las diversas actividades que su \u00e1rea ha [&hellip;]<\/p>\n","protected":false},"author":2,"featured_media":2374,"comment_status":"open","ping_status":"open","sticky":false,"template":"","format":"standard","meta":{"footnotes":""},"categories":[78],"tags":[],"class_list":{"0":"post-2373","1":"post","2":"type-post","3":"status-publish","4":"format-standard","5":"has-post-thumbnail","7":"category-generales"},"_links":{"self":[{"href":"https:\/\/elpueblonoticia.com.ar\/web\/wp-json\/wp\/v2\/posts\/2373","targetHints":{"allow":["GET"]}}],"collection":[{"href":"https:\/\/elpueblonoticia.com.ar\/web\/wp-json\/wp\/v2\/posts"}],"about":[{"href":"https:\/\/elpueblonoticia.com.ar\/web\/wp-json\/wp\/v2\/types\/post"}],"author":[{"embeddable":true,"href":"https:\/\/elpueblonoticia.com.ar\/web\/wp-json\/wp\/v2\/users\/2"}],"replies":[{"embeddable":true,"href":"https:\/\/elpueblonoticia.com.ar\/web\/wp-json\/wp\/v2\/comments?post=2373"}],"version-history":[{"count":0,"href":"https:\/\/elpueblonoticia.com.ar\/web\/wp-json\/wp\/v2\/posts\/2373\/revisions"}],"wp:featuredmedia":[{"embeddable":true,"href":"https:\/\/elpueblonoticia.com.ar\/web\/wp-json\/wp\/v2\/media\/2374"}],"wp:attachment":[{"href":"https:\/\/elpueblonoticia.com.ar\/web\/wp-json\/wp\/v2\/media?parent=2373"}],"wp:term":[{"taxonomy":"category","embeddable":true,"href":"https:\/\/elpueblonoticia.com.ar\/web\/wp-json\/wp\/v2\/categories?post=2373"},{"taxonomy":"post_tag","embeddable":true,"href":"https:\/\/elpueblonoticia.com.ar\/web\/wp-json\/wp\/v2\/tags?post=2373"}],"curies":[{"name":"wp","href":"https:\/\/api.w.org\/{rel}","templated":true}]}}