{"id":2369,"date":"2025-10-23T09:11:08","date_gmt":"2025-10-23T12:11:08","guid":{"rendered":"https:\/\/elpueblonoticia.com.ar\/web\/?p=2369"},"modified":"2025-10-23T09:11:08","modified_gmt":"2025-10-23T12:11:08","slug":"taller-bup","status":"publish","type":"post","link":"https:\/\/elpueblonoticia.com.ar\/web\/2025\/10\/23\/taller-bup\/","title":{"rendered":"TALLER BUP"},"content":{"rendered":"<p class=\"x_MsoNormal\" data-olk-copy-source=\"MessageBody\">Boleta \u00danica de Papel<\/p>\n<p class=\"x_MsoNormal\">Capacitaci\u00f3n destinada a los Colegios Secundarios de Goya, el jueves 23 a las 9 horas en el Teatro Municipal<\/p>\n<p class=\"x_MsoNormal\">Con el prop\u00f3sito de explicar los cambios producidos en el sistema de votaci\u00f3n, la Municipalidad de Goya a trav\u00e9s de las Secretar\u00edas de Gobierno, de Educaci\u00f3n y la Direcci\u00f3n de Juventud, propone este taller destinado a los estudiantes secundarios, (a partir de los 16 a\u00f1os se emite el voto) de los diferentes colegios de Goya, a realizarse, el jueves 23 desde las 9 horas en el Teatro Municipal<\/p>\n","protected":false},"excerpt":{"rendered":"<p>Boleta \u00danica de Papel Capacitaci\u00f3n destinada a los Colegios Secundarios de Goya, el jueves 23 a las 9 horas en el Teatro Municipal Con el prop\u00f3sito de explicar los cambios producidos en el sistema de votaci\u00f3n, la Municipalidad de Goya a trav\u00e9s de las Secretar\u00edas de Gobierno, de Educaci\u00f3n y la Direcci\u00f3n de Juventud, propone [&hellip;]<\/p>\n","protected":false},"author":2,"featured_media":2370,"comment_status":"open","ping_status":"open","sticky":false,"template":"","format":"standard","meta":{"footnotes":""},"categories":[78],"tags":[],"class_list":{"0":"post-2369","1":"post","2":"type-post","3":"status-publish","4":"format-standard","5":"has-post-thumbnail","7":"category-generales"},"_links":{"self":[{"href":"https:\/\/elpueblonoticia.com.ar\/web\/wp-json\/wp\/v2\/posts\/2369","targetHints":{"allow":["GET"]}}],"collection":[{"href":"https:\/\/elpueblonoticia.com.ar\/web\/wp-json\/wp\/v2\/posts"}],"about":[{"href":"https:\/\/elpueblonoticia.com.ar\/web\/wp-json\/wp\/v2\/types\/post"}],"author":[{"embeddable":true,"href":"https:\/\/elpueblonoticia.com.ar\/web\/wp-json\/wp\/v2\/users\/2"}],"replies":[{"embeddable":true,"href":"https:\/\/elpueblonoticia.com.ar\/web\/wp-json\/wp\/v2\/comments?post=2369"}],"version-history":[{"count":0,"href":"https:\/\/elpueblonoticia.com.ar\/web\/wp-json\/wp\/v2\/posts\/2369\/revisions"}],"wp:featuredmedia":[{"embeddable":true,"href":"https:\/\/elpueblonoticia.com.ar\/web\/wp-json\/wp\/v2\/media\/2370"}],"wp:attachment":[{"href":"https:\/\/elpueblonoticia.com.ar\/web\/wp-json\/wp\/v2\/media?parent=2369"}],"wp:term":[{"taxonomy":"category","embeddable":true,"href":"https:\/\/elpueblonoticia.com.ar\/web\/wp-json\/wp\/v2\/categories?post=2369"},{"taxonomy":"post_tag","embeddable":true,"href":"https:\/\/elpueblonoticia.com.ar\/web\/wp-json\/wp\/v2\/tags?post=2369"}],"curies":[{"name":"wp","href":"https:\/\/api.w.org\/{rel}","templated":true}]}}