{"id":2364,"date":"2025-10-23T09:04:44","date_gmt":"2025-10-23T12:04:44","guid":{"rendered":"https:\/\/elpueblonoticia.com.ar\/web\/?p=2364"},"modified":"2025-10-23T09:04:44","modified_gmt":"2025-10-23T12:04:44","slug":"la-noche-de-los-museos-en-goya-se-realizara-el-22-de-noviembre","status":"publish","type":"post","link":"https:\/\/elpueblonoticia.com.ar\/web\/2025\/10\/23\/la-noche-de-los-museos-en-goya-se-realizara-el-22-de-noviembre\/","title":{"rendered":"LA NOCHE DE LOS MUSEOS, EN GOYA, SE REALIZAR\u00c1 EL 22 DE NOVIEMBRE."},"content":{"rendered":"<p data-olk-copy-source=\"MessageBody\"><img loading=\"lazy\" decoding=\"async\" class=\"alignnone size-medium wp-image-2366\" src=\"https:\/\/elpueblonoticia.com.ar\/web\/wp-content\/uploads\/2025\/10\/NOCHE-DE-LOS-MUSEOS-IMAGENES-ILUSTRATIVAS-2-300x225.jpg\" alt=\"\" width=\"300\" height=\"225\" srcset=\"https:\/\/elpueblonoticia.com.ar\/web\/wp-content\/uploads\/2025\/10\/NOCHE-DE-LOS-MUSEOS-IMAGENES-ILUSTRATIVAS-2-300x225.jpg 300w, https:\/\/elpueblonoticia.com.ar\/web\/wp-content\/uploads\/2025\/10\/NOCHE-DE-LOS-MUSEOS-IMAGENES-ILUSTRATIVAS-2-768x576.jpg 768w, https:\/\/elpueblonoticia.com.ar\/web\/wp-content\/uploads\/2025\/10\/NOCHE-DE-LOS-MUSEOS-IMAGENES-ILUSTRATIVAS-2-560x420.jpg 560w, https:\/\/elpueblonoticia.com.ar\/web\/wp-content\/uploads\/2025\/10\/NOCHE-DE-LOS-MUSEOS-IMAGENES-ILUSTRATIVAS-2-80x60.jpg 80w, https:\/\/elpueblonoticia.com.ar\/web\/wp-content\/uploads\/2025\/10\/NOCHE-DE-LOS-MUSEOS-IMAGENES-ILUSTRATIVAS-2-696x522.jpg 696w, https:\/\/elpueblonoticia.com.ar\/web\/wp-content\/uploads\/2025\/10\/NOCHE-DE-LOS-MUSEOS-IMAGENES-ILUSTRATIVAS-2-265x198.jpg 265w, https:\/\/elpueblonoticia.com.ar\/web\/wp-content\/uploads\/2025\/10\/NOCHE-DE-LOS-MUSEOS-IMAGENES-ILUSTRATIVAS-2.jpg 800w\" sizes=\"auto, (max-width: 300px) 100vw, 300px\" \/><\/p>\n<p class=\"x_MsoNormal\" data-olk-copy-source=\"MessageBody\">Por razones organizativas se ha reprogramado la fecha para la propuesta de recorrer lugares hist\u00f3ricos y emblem\u00e1ticos de la ciudad, en el marco de \u201cLa Noche de los Museos\u201d.<\/p>\n<p class=\"x_MsoNormal\" aria-hidden=\"true\">\n<p class=\"x_MsoNormal\">La Direcci\u00f3n de Cultura inform\u00f3 que la fecha inicial se estableci\u00f3 para el 1 de noviembre, pero ahora se trasladar\u00e1 al 22 del mismo mes.<\/p>\n<p class=\"x_MsoNormal\" aria-hidden=\"true\">\n<p class=\"x_MsoNormal\">En declaraciones radiales, el director de Cultura, Manuel Zampar coment\u00f3 que \u201cLa noche\u201d se traslad\u00f3 al 22 de noviembre, d\u00eda de Santa Cecilia.<\/p>\n<p class=\"x_MsoNormal\" aria-hidden=\"true\">\n<p class=\"x_MsoNormal\">Manuel Zampar, explic\u00f3 la raz\u00f3n: \u201cEmpezamos a recibir propuestas, o percibimos el inter\u00e9s de querer participar en esta \u201cNoche de los museos\u201d, durante la entrevista el funcionario municipal, manifest\u00f3 su reconocimiento al Jefe del Batall\u00f3n de Ingeniero de Monte 12 y la Jefe de la Prefectura Goya: \u201cAgradezco al teniente coronel Sergio Ortiz y al prefecto Waldir Reinaldo Nacke, qui\u00e9nes al enterarse de este evento, hicieron la propuesta de poder participar, el ej\u00e9rcito propone abrir las puertas del Hotel de Inmigrantes, para esa noche y la prefectura Goya tiene un espacio tipo museo que estar\u00eda tambi\u00e9n participando, de all\u00ed el cambio de fecha para organizarnos y proponer de una manera din\u00e1mica, agradable este itinerario con nuevos lugares que se sumar\u00e1n.\u201d<\/p>\n<p class=\"x_MsoNormal\" aria-hidden=\"true\">\n<p class=\"x_MsoNormal\">Se invita a las instituciones interesadas en participar, en formar parte del circuito a recorrer durante esa jornada, a comunicarse al 3777- 821002.<\/p>\n","protected":false},"excerpt":{"rendered":"<p>Por razones organizativas se ha reprogramado la fecha para la propuesta de recorrer lugares hist\u00f3ricos y emblem\u00e1ticos de la ciudad, en el marco de \u201cLa Noche de los Museos\u201d. La Direcci\u00f3n de Cultura inform\u00f3 que la fecha inicial se estableci\u00f3 para el 1 de noviembre, pero ahora se trasladar\u00e1 al 22 del mismo mes. En [&hellip;]<\/p>\n","protected":false},"author":2,"featured_media":2365,"comment_status":"open","ping_status":"open","sticky":false,"template":"","format":"standard","meta":{"footnotes":""},"categories":[56],"tags":[],"class_list":{"0":"post-2364","1":"post","2":"type-post","3":"status-publish","4":"format-standard","5":"has-post-thumbnail","7":"category-locales"},"_links":{"self":[{"href":"https:\/\/elpueblonoticia.com.ar\/web\/wp-json\/wp\/v2\/posts\/2364","targetHints":{"allow":["GET"]}}],"collection":[{"href":"https:\/\/elpueblonoticia.com.ar\/web\/wp-json\/wp\/v2\/posts"}],"about":[{"href":"https:\/\/elpueblonoticia.com.ar\/web\/wp-json\/wp\/v2\/types\/post"}],"author":[{"embeddable":true,"href":"https:\/\/elpueblonoticia.com.ar\/web\/wp-json\/wp\/v2\/users\/2"}],"replies":[{"embeddable":true,"href":"https:\/\/elpueblonoticia.com.ar\/web\/wp-json\/wp\/v2\/comments?post=2364"}],"version-history":[{"count":0,"href":"https:\/\/elpueblonoticia.com.ar\/web\/wp-json\/wp\/v2\/posts\/2364\/revisions"}],"wp:featuredmedia":[{"embeddable":true,"href":"https:\/\/elpueblonoticia.com.ar\/web\/wp-json\/wp\/v2\/media\/2365"}],"wp:attachment":[{"href":"https:\/\/elpueblonoticia.com.ar\/web\/wp-json\/wp\/v2\/media?parent=2364"}],"wp:term":[{"taxonomy":"category","embeddable":true,"href":"https:\/\/elpueblonoticia.com.ar\/web\/wp-json\/wp\/v2\/categories?post=2364"},{"taxonomy":"post_tag","embeddable":true,"href":"https:\/\/elpueblonoticia.com.ar\/web\/wp-json\/wp\/v2\/tags?post=2364"}],"curies":[{"name":"wp","href":"https:\/\/api.w.org\/{rel}","templated":true}]}}