{"id":2328,"date":"2025-10-23T07:36:08","date_gmt":"2025-10-23T10:36:08","guid":{"rendered":"https:\/\/elpueblonoticia.com.ar\/web\/?p=2328"},"modified":"2025-10-23T07:36:08","modified_gmt":"2025-10-23T10:36:08","slug":"conferencia-de-prensa-2","status":"publish","type":"post","link":"https:\/\/elpueblonoticia.com.ar\/web\/2025\/10\/23\/conferencia-de-prensa-2\/","title":{"rendered":"Conferencia de Prensa"},"content":{"rendered":"<p class=\"x_MsoNormal\" data-olk-copy-source=\"MessageBody\">PRESENTAN LA 5\u00aa EDICI\u00d3N DE LA EXPO AMBIENTE 2025 Y BOTELLAS DE AMOR<\/p>\n<p class=\"x_MsoNormal\">Este jueves 23 de octubre, a las 11 horas, en el Sal\u00f3n de Acuerdos del Palacio Municipal, se realizar\u00e1 la conferencia de prensa de presentaci\u00f3n de la 5\u00aa Edici\u00f3n de la Expo Ambiente 2025 y del programa \u201cBotellas de Amor\u201d, organizados por la Direcci\u00f3n de Recursos Naturales de la Municipalidad de Goya.<\/p>\n<p class=\"x_MsoNormal\">Durante el encuentro se brindar\u00e1n detalles sobre esta nueva edici\u00f3n de la Expo, un espacio educativo y participativo que promueve la conciencia ambiental, el cuidado del entorno y las buenas pr\u00e1cticas ecol\u00f3gicas, integrando a instituciones educativas, organizaciones y vecinos de la ciudad.<\/p>\n<p class=\"x_MsoNormal\">Asimismo, se presentar\u00e1 el programa \u201cBotellas de Amor\u201d, una iniciativa que busca dar un destino sustentable a los pl\u00e1sticos de un solo uso, transform\u00e1ndolos en recursos para la construcci\u00f3n y el reciclaje solidario.<\/p>\n<p class=\"x_MsoNormal\">Se invita a periodistas, comunicadores y medios de prensa a participar de esta conferencia y acompa\u00f1ar la difusi\u00f3n de las acciones ambientales que impulsa el municipio de Goya en el marco de sus pol\u00edticas de educaci\u00f3n y compromiso ecol\u00f3gico comunitario.<\/p>\n<p class=\"x_MsoNormal\" aria-hidden=\"true\">\n","protected":false},"excerpt":{"rendered":"<p>PRESENTAN LA 5\u00aa EDICI\u00d3N DE LA EXPO AMBIENTE 2025 Y BOTELLAS DE AMOR Este jueves 23 de octubre, a las 11 horas, en el Sal\u00f3n de Acuerdos del Palacio Municipal, se realizar\u00e1 la conferencia de prensa de presentaci\u00f3n de la 5\u00aa Edici\u00f3n de la Expo Ambiente 2025 y del programa \u201cBotellas de Amor\u201d, organizados por [&hellip;]<\/p>\n","protected":false},"author":2,"featured_media":2329,"comment_status":"open","ping_status":"open","sticky":false,"template":"","format":"standard","meta":{"footnotes":""},"categories":[56],"tags":[],"class_list":{"0":"post-2328","1":"post","2":"type-post","3":"status-publish","4":"format-standard","5":"has-post-thumbnail","7":"category-locales"},"_links":{"self":[{"href":"https:\/\/elpueblonoticia.com.ar\/web\/wp-json\/wp\/v2\/posts\/2328","targetHints":{"allow":["GET"]}}],"collection":[{"href":"https:\/\/elpueblonoticia.com.ar\/web\/wp-json\/wp\/v2\/posts"}],"about":[{"href":"https:\/\/elpueblonoticia.com.ar\/web\/wp-json\/wp\/v2\/types\/post"}],"author":[{"embeddable":true,"href":"https:\/\/elpueblonoticia.com.ar\/web\/wp-json\/wp\/v2\/users\/2"}],"replies":[{"embeddable":true,"href":"https:\/\/elpueblonoticia.com.ar\/web\/wp-json\/wp\/v2\/comments?post=2328"}],"version-history":[{"count":0,"href":"https:\/\/elpueblonoticia.com.ar\/web\/wp-json\/wp\/v2\/posts\/2328\/revisions"}],"wp:featuredmedia":[{"embeddable":true,"href":"https:\/\/elpueblonoticia.com.ar\/web\/wp-json\/wp\/v2\/media\/2329"}],"wp:attachment":[{"href":"https:\/\/elpueblonoticia.com.ar\/web\/wp-json\/wp\/v2\/media?parent=2328"}],"wp:term":[{"taxonomy":"category","embeddable":true,"href":"https:\/\/elpueblonoticia.com.ar\/web\/wp-json\/wp\/v2\/categories?post=2328"},{"taxonomy":"post_tag","embeddable":true,"href":"https:\/\/elpueblonoticia.com.ar\/web\/wp-json\/wp\/v2\/tags?post=2328"}],"curies":[{"name":"wp","href":"https:\/\/api.w.org\/{rel}","templated":true}]}}