{"id":2316,"date":"2025-10-22T10:14:21","date_gmt":"2025-10-22T13:14:21","guid":{"rendered":"https:\/\/elpueblonoticia.com.ar\/web\/?p=2316"},"modified":"2025-10-22T10:14:21","modified_gmt":"2025-10-22T13:14:21","slug":"el-dolar-blue-se-recalento-y-quebro-un-nuevo-record-a-cinco-dias-del-26-o","status":"publish","type":"post","link":"https:\/\/elpueblonoticia.com.ar\/web\/2025\/10\/22\/el-dolar-blue-se-recalento-y-quebro-un-nuevo-record-a-cinco-dias-del-26-o\/","title":{"rendered":"El d\u00f3lar blue se recalent\u00f3 y quebr\u00f3 un nuevo r\u00e9cord a cinco d\u00edas del 26-O"},"content":{"rendered":"<p>El d\u00f3lar blue se recalent\u00f3 en la previa de las elecciones y super\u00f3 su r\u00e9cord nominal este martes. Cerr\u00f3 a $1.525 para la compra y a $1.545 para la venta, seg\u00fan los operadores de la city consultados por \u00c1mbito, y la brecha con el tipo de cambio oficial se ubic\u00f3 en 3,7%.<\/p>\n<p>El billete paralelo subi\u00f3 $40 (+2,7%) y quebr\u00f3 su r\u00e9cord nominal del pasado 19 de septiembre.<\/p>\n","protected":false},"excerpt":{"rendered":"<p>El d\u00f3lar blue se recalent\u00f3 en la previa de las elecciones y super\u00f3 su r\u00e9cord nominal este martes. Cerr\u00f3 a $1.525 para la compra y a $1.545 para la venta, seg\u00fan los operadores de la city consultados por \u00c1mbito, y la brecha con el tipo de cambio oficial se ubic\u00f3 en 3,7%. El billete paralelo [&hellip;]<\/p>\n","protected":false},"author":2,"featured_media":2318,"comment_status":"open","ping_status":"open","sticky":false,"template":"","format":"standard","meta":{"footnotes":""},"categories":[65],"tags":[],"class_list":{"0":"post-2316","1":"post","2":"type-post","3":"status-publish","4":"format-standard","5":"has-post-thumbnail","7":"category-economia"},"_links":{"self":[{"href":"https:\/\/elpueblonoticia.com.ar\/web\/wp-json\/wp\/v2\/posts\/2316","targetHints":{"allow":["GET"]}}],"collection":[{"href":"https:\/\/elpueblonoticia.com.ar\/web\/wp-json\/wp\/v2\/posts"}],"about":[{"href":"https:\/\/elpueblonoticia.com.ar\/web\/wp-json\/wp\/v2\/types\/post"}],"author":[{"embeddable":true,"href":"https:\/\/elpueblonoticia.com.ar\/web\/wp-json\/wp\/v2\/users\/2"}],"replies":[{"embeddable":true,"href":"https:\/\/elpueblonoticia.com.ar\/web\/wp-json\/wp\/v2\/comments?post=2316"}],"version-history":[{"count":0,"href":"https:\/\/elpueblonoticia.com.ar\/web\/wp-json\/wp\/v2\/posts\/2316\/revisions"}],"wp:featuredmedia":[{"embeddable":true,"href":"https:\/\/elpueblonoticia.com.ar\/web\/wp-json\/wp\/v2\/media\/2318"}],"wp:attachment":[{"href":"https:\/\/elpueblonoticia.com.ar\/web\/wp-json\/wp\/v2\/media?parent=2316"}],"wp:term":[{"taxonomy":"category","embeddable":true,"href":"https:\/\/elpueblonoticia.com.ar\/web\/wp-json\/wp\/v2\/categories?post=2316"},{"taxonomy":"post_tag","embeddable":true,"href":"https:\/\/elpueblonoticia.com.ar\/web\/wp-json\/wp\/v2\/tags?post=2316"}],"curies":[{"name":"wp","href":"https:\/\/api.w.org\/{rel}","templated":true}]}}