{"id":2297,"date":"2025-10-22T09:41:34","date_gmt":"2025-10-22T12:41:34","guid":{"rendered":"https:\/\/elpueblonoticia.com.ar\/web\/?p=2297"},"modified":"2025-10-22T09:41:34","modified_gmt":"2025-10-22T12:41:34","slug":"caminata-vamos-corrientes","status":"publish","type":"post","link":"https:\/\/elpueblonoticia.com.ar\/web\/2025\/10\/22\/caminata-vamos-corrientes\/","title":{"rendered":"CAMINATA VAMOS CORRIENTES"},"content":{"rendered":"<p data-olk-copy-source=\"MessageBody\"><img loading=\"lazy\" decoding=\"async\" class=\"alignnone size-medium wp-image-2299\" src=\"https:\/\/elpueblonoticia.com.ar\/web\/wp-content\/uploads\/2025\/10\/caminata-Vamos-Corrientes-cierre-campana-1-300x200.jpg\" alt=\"\" width=\"300\" height=\"200\" srcset=\"https:\/\/elpueblonoticia.com.ar\/web\/wp-content\/uploads\/2025\/10\/caminata-Vamos-Corrientes-cierre-campana-1-300x200.jpg 300w, https:\/\/elpueblonoticia.com.ar\/web\/wp-content\/uploads\/2025\/10\/caminata-Vamos-Corrientes-cierre-campana-1-1024x682.jpg 1024w, https:\/\/elpueblonoticia.com.ar\/web\/wp-content\/uploads\/2025\/10\/caminata-Vamos-Corrientes-cierre-campana-1-768x512.jpg 768w, https:\/\/elpueblonoticia.com.ar\/web\/wp-content\/uploads\/2025\/10\/caminata-Vamos-Corrientes-cierre-campana-1-1536x1023.jpg 1536w, https:\/\/elpueblonoticia.com.ar\/web\/wp-content\/uploads\/2025\/10\/caminata-Vamos-Corrientes-cierre-campana-1-630x420.jpg 630w, https:\/\/elpueblonoticia.com.ar\/web\/wp-content\/uploads\/2025\/10\/caminata-Vamos-Corrientes-cierre-campana-1-696x464.jpg 696w, https:\/\/elpueblonoticia.com.ar\/web\/wp-content\/uploads\/2025\/10\/caminata-Vamos-Corrientes-cierre-campana-1-1068x712.jpg 1068w, https:\/\/elpueblonoticia.com.ar\/web\/wp-content\/uploads\/2025\/10\/caminata-Vamos-Corrientes-cierre-campana-1.jpg 1600w\" sizes=\"auto, (max-width: 300px) 100vw, 300px\" \/><img loading=\"lazy\" decoding=\"async\" class=\"alignnone size-medium wp-image-2300\" src=\"https:\/\/elpueblonoticia.com.ar\/web\/wp-content\/uploads\/2025\/10\/caminata-Vamos-Corrientes-cierre-campana-2-300x200.jpg\" alt=\"\" width=\"300\" height=\"200\" srcset=\"https:\/\/elpueblonoticia.com.ar\/web\/wp-content\/uploads\/2025\/10\/caminata-Vamos-Corrientes-cierre-campana-2-300x200.jpg 300w, https:\/\/elpueblonoticia.com.ar\/web\/wp-content\/uploads\/2025\/10\/caminata-Vamos-Corrientes-cierre-campana-2-1024x682.jpg 1024w, https:\/\/elpueblonoticia.com.ar\/web\/wp-content\/uploads\/2025\/10\/caminata-Vamos-Corrientes-cierre-campana-2-768x512.jpg 768w, https:\/\/elpueblonoticia.com.ar\/web\/wp-content\/uploads\/2025\/10\/caminata-Vamos-Corrientes-cierre-campana-2-1536x1023.jpg 1536w, https:\/\/elpueblonoticia.com.ar\/web\/wp-content\/uploads\/2025\/10\/caminata-Vamos-Corrientes-cierre-campana-2-630x420.jpg 630w, https:\/\/elpueblonoticia.com.ar\/web\/wp-content\/uploads\/2025\/10\/caminata-Vamos-Corrientes-cierre-campana-2-696x464.jpg 696w, https:\/\/elpueblonoticia.com.ar\/web\/wp-content\/uploads\/2025\/10\/caminata-Vamos-Corrientes-cierre-campana-2-1068x712.jpg 1068w, https:\/\/elpueblonoticia.com.ar\/web\/wp-content\/uploads\/2025\/10\/caminata-Vamos-Corrientes-cierre-campana-2.jpg 1600w\" sizes=\"auto, (max-width: 300px) 100vw, 300px\" \/><img loading=\"lazy\" decoding=\"async\" class=\"alignnone size-medium wp-image-2301\" src=\"https:\/\/elpueblonoticia.com.ar\/web\/wp-content\/uploads\/2025\/10\/caminata-Vamos-Corrientes-cierre-campana-3-300x200.jpg\" alt=\"\" width=\"300\" height=\"200\" srcset=\"https:\/\/elpueblonoticia.com.ar\/web\/wp-content\/uploads\/2025\/10\/caminata-Vamos-Corrientes-cierre-campana-3-300x200.jpg 300w, https:\/\/elpueblonoticia.com.ar\/web\/wp-content\/uploads\/2025\/10\/caminata-Vamos-Corrientes-cierre-campana-3-1024x682.jpg 1024w, https:\/\/elpueblonoticia.com.ar\/web\/wp-content\/uploads\/2025\/10\/caminata-Vamos-Corrientes-cierre-campana-3-768x512.jpg 768w, https:\/\/elpueblonoticia.com.ar\/web\/wp-content\/uploads\/2025\/10\/caminata-Vamos-Corrientes-cierre-campana-3-1536x1023.jpg 1536w, https:\/\/elpueblonoticia.com.ar\/web\/wp-content\/uploads\/2025\/10\/caminata-Vamos-Corrientes-cierre-campana-3-630x420.jpg 630w, https:\/\/elpueblonoticia.com.ar\/web\/wp-content\/uploads\/2025\/10\/caminata-Vamos-Corrientes-cierre-campana-3-696x464.jpg 696w, https:\/\/elpueblonoticia.com.ar\/web\/wp-content\/uploads\/2025\/10\/caminata-Vamos-Corrientes-cierre-campana-3-1068x712.jpg 1068w, https:\/\/elpueblonoticia.com.ar\/web\/wp-content\/uploads\/2025\/10\/caminata-Vamos-Corrientes-cierre-campana-3.jpg 1600w\" sizes=\"auto, (max-width: 300px) 100vw, 300px\" \/><img loading=\"lazy\" decoding=\"async\" class=\"alignnone size-medium wp-image-2302\" src=\"https:\/\/elpueblonoticia.com.ar\/web\/wp-content\/uploads\/2025\/10\/caminata-Vamos-Corrientes-cierre-campana-5-300x200.jpg\" alt=\"\" width=\"300\" height=\"200\" srcset=\"https:\/\/elpueblonoticia.com.ar\/web\/wp-content\/uploads\/2025\/10\/caminata-Vamos-Corrientes-cierre-campana-5-300x200.jpg 300w, https:\/\/elpueblonoticia.com.ar\/web\/wp-content\/uploads\/2025\/10\/caminata-Vamos-Corrientes-cierre-campana-5-1024x682.jpg 1024w, https:\/\/elpueblonoticia.com.ar\/web\/wp-content\/uploads\/2025\/10\/caminata-Vamos-Corrientes-cierre-campana-5-768x512.jpg 768w, https:\/\/elpueblonoticia.com.ar\/web\/wp-content\/uploads\/2025\/10\/caminata-Vamos-Corrientes-cierre-campana-5-1536x1023.jpg 1536w, https:\/\/elpueblonoticia.com.ar\/web\/wp-content\/uploads\/2025\/10\/caminata-Vamos-Corrientes-cierre-campana-5-630x420.jpg 630w, https:\/\/elpueblonoticia.com.ar\/web\/wp-content\/uploads\/2025\/10\/caminata-Vamos-Corrientes-cierre-campana-5-696x464.jpg 696w, https:\/\/elpueblonoticia.com.ar\/web\/wp-content\/uploads\/2025\/10\/caminata-Vamos-Corrientes-cierre-campana-5-1068x712.jpg 1068w, https:\/\/elpueblonoticia.com.ar\/web\/wp-content\/uploads\/2025\/10\/caminata-Vamos-Corrientes-cierre-campana-5.jpg 1600w\" sizes=\"auto, (max-width: 300px) 100vw, 300px\" \/><img loading=\"lazy\" decoding=\"async\" class=\"alignnone size-medium wp-image-2299\" src=\"https:\/\/elpueblonoticia.com.ar\/web\/wp-content\/uploads\/2025\/10\/caminata-Vamos-Corrientes-cierre-campana-1-300x200.jpg\" alt=\"\" width=\"300\" height=\"200\" srcset=\"https:\/\/elpueblonoticia.com.ar\/web\/wp-content\/uploads\/2025\/10\/caminata-Vamos-Corrientes-cierre-campana-1-300x200.jpg 300w, https:\/\/elpueblonoticia.com.ar\/web\/wp-content\/uploads\/2025\/10\/caminata-Vamos-Corrientes-cierre-campana-1-1024x682.jpg 1024w, https:\/\/elpueblonoticia.com.ar\/web\/wp-content\/uploads\/2025\/10\/caminata-Vamos-Corrientes-cierre-campana-1-768x512.jpg 768w, https:\/\/elpueblonoticia.com.ar\/web\/wp-content\/uploads\/2025\/10\/caminata-Vamos-Corrientes-cierre-campana-1-1536x1023.jpg 1536w, https:\/\/elpueblonoticia.com.ar\/web\/wp-content\/uploads\/2025\/10\/caminata-Vamos-Corrientes-cierre-campana-1-630x420.jpg 630w, https:\/\/elpueblonoticia.com.ar\/web\/wp-content\/uploads\/2025\/10\/caminata-Vamos-Corrientes-cierre-campana-1-696x464.jpg 696w, https:\/\/elpueblonoticia.com.ar\/web\/wp-content\/uploads\/2025\/10\/caminata-Vamos-Corrientes-cierre-campana-1-1068x712.jpg 1068w, https:\/\/elpueblonoticia.com.ar\/web\/wp-content\/uploads\/2025\/10\/caminata-Vamos-Corrientes-cierre-campana-1.jpg 1600w\" sizes=\"auto, (max-width: 300px) 100vw, 300px\" \/><img loading=\"lazy\" decoding=\"async\" class=\"alignnone size-medium wp-image-2303\" src=\"https:\/\/elpueblonoticia.com.ar\/web\/wp-content\/uploads\/2025\/10\/caminata-Vamos-Corrientes-cierre-campana-7-300x200.jpg\" alt=\"\" width=\"300\" height=\"200\" srcset=\"https:\/\/elpueblonoticia.com.ar\/web\/wp-content\/uploads\/2025\/10\/caminata-Vamos-Corrientes-cierre-campana-7-300x200.jpg 300w, https:\/\/elpueblonoticia.com.ar\/web\/wp-content\/uploads\/2025\/10\/caminata-Vamos-Corrientes-cierre-campana-7-1024x682.jpg 1024w, https:\/\/elpueblonoticia.com.ar\/web\/wp-content\/uploads\/2025\/10\/caminata-Vamos-Corrientes-cierre-campana-7-768x512.jpg 768w, https:\/\/elpueblonoticia.com.ar\/web\/wp-content\/uploads\/2025\/10\/caminata-Vamos-Corrientes-cierre-campana-7-1536x1023.jpg 1536w, https:\/\/elpueblonoticia.com.ar\/web\/wp-content\/uploads\/2025\/10\/caminata-Vamos-Corrientes-cierre-campana-7-630x420.jpg 630w, https:\/\/elpueblonoticia.com.ar\/web\/wp-content\/uploads\/2025\/10\/caminata-Vamos-Corrientes-cierre-campana-7-696x464.jpg 696w, https:\/\/elpueblonoticia.com.ar\/web\/wp-content\/uploads\/2025\/10\/caminata-Vamos-Corrientes-cierre-campana-7-1068x712.jpg 1068w, https:\/\/elpueblonoticia.com.ar\/web\/wp-content\/uploads\/2025\/10\/caminata-Vamos-Corrientes-cierre-campana-7.jpg 1600w\" sizes=\"auto, (max-width: 300px) 100vw, 300px\" \/><img loading=\"lazy\" decoding=\"async\" class=\"alignnone size-medium wp-image-2304\" src=\"https:\/\/elpueblonoticia.com.ar\/web\/wp-content\/uploads\/2025\/10\/caminata-Vamos-Corrientes-cierre-campana-10-300x200.jpg\" alt=\"\" width=\"300\" height=\"200\" srcset=\"https:\/\/elpueblonoticia.com.ar\/web\/wp-content\/uploads\/2025\/10\/caminata-Vamos-Corrientes-cierre-campana-10-300x200.jpg 300w, https:\/\/elpueblonoticia.com.ar\/web\/wp-content\/uploads\/2025\/10\/caminata-Vamos-Corrientes-cierre-campana-10-1024x682.jpg 1024w, https:\/\/elpueblonoticia.com.ar\/web\/wp-content\/uploads\/2025\/10\/caminata-Vamos-Corrientes-cierre-campana-10-768x512.jpg 768w, https:\/\/elpueblonoticia.com.ar\/web\/wp-content\/uploads\/2025\/10\/caminata-Vamos-Corrientes-cierre-campana-10-1536x1023.jpg 1536w, https:\/\/elpueblonoticia.com.ar\/web\/wp-content\/uploads\/2025\/10\/caminata-Vamos-Corrientes-cierre-campana-10-630x420.jpg 630w, https:\/\/elpueblonoticia.com.ar\/web\/wp-content\/uploads\/2025\/10\/caminata-Vamos-Corrientes-cierre-campana-10-696x464.jpg 696w, https:\/\/elpueblonoticia.com.ar\/web\/wp-content\/uploads\/2025\/10\/caminata-Vamos-Corrientes-cierre-campana-10-1068x712.jpg 1068w, https:\/\/elpueblonoticia.com.ar\/web\/wp-content\/uploads\/2025\/10\/caminata-Vamos-Corrientes-cierre-campana-10.jpg 1600w\" sizes=\"auto, (max-width: 300px) 100vw, 300px\" \/><img loading=\"lazy\" decoding=\"async\" class=\"alignnone size-medium wp-image-2305\" src=\"https:\/\/elpueblonoticia.com.ar\/web\/wp-content\/uploads\/2025\/10\/caminata-Vamos-Corrientes-cierre-campana-8-300x200.jpg\" alt=\"\" width=\"300\" height=\"200\" srcset=\"https:\/\/elpueblonoticia.com.ar\/web\/wp-content\/uploads\/2025\/10\/caminata-Vamos-Corrientes-cierre-campana-8-300x200.jpg 300w, https:\/\/elpueblonoticia.com.ar\/web\/wp-content\/uploads\/2025\/10\/caminata-Vamos-Corrientes-cierre-campana-8-1024x682.jpg 1024w, https:\/\/elpueblonoticia.com.ar\/web\/wp-content\/uploads\/2025\/10\/caminata-Vamos-Corrientes-cierre-campana-8-768x512.jpg 768w, https:\/\/elpueblonoticia.com.ar\/web\/wp-content\/uploads\/2025\/10\/caminata-Vamos-Corrientes-cierre-campana-8-1536x1023.jpg 1536w, https:\/\/elpueblonoticia.com.ar\/web\/wp-content\/uploads\/2025\/10\/caminata-Vamos-Corrientes-cierre-campana-8-630x420.jpg 630w, https:\/\/elpueblonoticia.com.ar\/web\/wp-content\/uploads\/2025\/10\/caminata-Vamos-Corrientes-cierre-campana-8-696x464.jpg 696w, https:\/\/elpueblonoticia.com.ar\/web\/wp-content\/uploads\/2025\/10\/caminata-Vamos-Corrientes-cierre-campana-8-1068x712.jpg 1068w, https:\/\/elpueblonoticia.com.ar\/web\/wp-content\/uploads\/2025\/10\/caminata-Vamos-Corrientes-cierre-campana-8.jpg 1600w\" sizes=\"auto, (max-width: 300px) 100vw, 300px\" \/><\/p>\n<p class=\"x_MsoNormal\" data-olk-copy-source=\"MessageBody\">En la jornada del martes Vamos Corrientes realiz\u00f3 como parte del cierre de la campa\u00f1a electoral, que convoca a los correntinos a elegir legisladores nacionales, el pr\u00f3ximo domingo 26 de octubre, una gran caminata por un trazado que comprendi\u00f3 varios barrios de la ciudad.<\/p>\n<p class=\"x_MsoNormal\">Mariano Hormaechea invit\u00f3 a recorrer este \u00faltimo tramo de la campa\u00f1a casa por casa para revalidar los resultados del pasado 31 de agosto, buscar posicionar al espacio pol\u00edtico con miras al 2027, alentando a dirigentes, militantes y vecinos con la frase \u201c\u00a1Vamos Goya! \u00a1Vamos Corrientes! Hacia adelante con la seguridad que el domingo nos encontraremos a festejar y cerrar un buen a\u00f1o electoral.\u201d<\/p>\n<p class=\"x_MsoNormal\">MARIANO HORMAECHEA<\/p>\n<p class=\"x_MsoNormal\">Finalizada la recorrida por distintos sectores de la ciudad el Intendente Mariano Hormaechea en su rol de l\u00edder de este espacio pol\u00edtico a nivel local, manifest\u00f3 su agradecimiento a los dirigentes pol\u00edticos que conforman el espacio de Vamos Corrientes, a funcionarios, concejales, ediles electos, legisladores provinciales y a toda la militancia que acompa\u00f1\u00f3 este cierre, para se\u00f1alar: \u201cEstamos llegando al final de un proceso electoral, que inici\u00f3 a principios de a\u00f1o, con el objetivo de lograr dar continuidad a un proyecto pol\u00edtico de ciudad, que se marc\u00f3 en un proyecto de provincia, los trabajos de estos tres a\u00f1os y medio se vio reflejado en los resultados del pasado 31 de agosto, en una campa\u00f1a algo violenta, agresiva, donde nuestro espacio pol\u00edtico estuvo a la altura de la circunstancia, enfoc\u00e1ndonos en nosotros, en los objetivos para la gesti\u00f3n, mostrando el cambio necesario, d\u00e1ndose ese recambio generacional a nivel provincial, revalidando ese proyecto pol\u00edtico, agradecemos a los vecinos por esta oportunidad, a cada espacio pol\u00edtico por el trabajo para el logro de esos resultados. \u201cEstamos a pocos d\u00edas de elegir a nuestros legisladores nacionales que nos representar\u00e1n y estar\u00e1n en El Congreso para defender esa identidad de Correntinos, conformando una mesa de trabajo mirando la cuesti\u00f3n nacional, este domingo debemos ratificar ese rumbo para colocar a dos legisladores en el Congreso Nacional, este es el inicio de una mirada hacia adelante, con una proyecci\u00f3n puesta en el 2027, con buenos resultados nos dejar\u00e1 bien posicionado para el proyecto nacional, sabemos lo que queremos, que plantear a los vecinos, con este tiempo que nos queda, debemos salir, recorrer ir casa por casa para contar a los vecinos sobre estas propuestas, que se vota, c\u00f3mo se vota, por la forma distinta de emitir el voto este domingo, ah\u00ed est\u00e1 el secreto para que el domingo nos encuentre a todos festejando, de esa manera cerrar una a\u00f1o electoral exitoso como fuerza pol\u00edtica de Vamos Corrientes, reitero el saludo, las felicitaciones a los dirigentes, coordinadores, de las fuerzas de este espacio pol\u00edtico, a los militantes, fuerza, Vamos Goya, Vamos Corrientes, siempre hacia adelante.\u201d<\/p>\n","protected":false},"excerpt":{"rendered":"<p>En la jornada del martes Vamos Corrientes realiz\u00f3 como parte del cierre de la campa\u00f1a electoral, que convoca a los correntinos a elegir legisladores nacionales, el pr\u00f3ximo domingo 26 de octubre, una gran caminata por un trazado que comprendi\u00f3 varios barrios de la ciudad. Mariano Hormaechea invit\u00f3 a recorrer este \u00faltimo tramo de la campa\u00f1a [&hellip;]<\/p>\n","protected":false},"author":2,"featured_media":2298,"comment_status":"open","ping_status":"open","sticky":false,"template":"","format":"standard","meta":{"footnotes":""},"categories":[78],"tags":[],"class_list":{"0":"post-2297","1":"post","2":"type-post","3":"status-publish","4":"format-standard","5":"has-post-thumbnail","7":"category-generales"},"_links":{"self":[{"href":"https:\/\/elpueblonoticia.com.ar\/web\/wp-json\/wp\/v2\/posts\/2297","targetHints":{"allow":["GET"]}}],"collection":[{"href":"https:\/\/elpueblonoticia.com.ar\/web\/wp-json\/wp\/v2\/posts"}],"about":[{"href":"https:\/\/elpueblonoticia.com.ar\/web\/wp-json\/wp\/v2\/types\/post"}],"author":[{"embeddable":true,"href":"https:\/\/elpueblonoticia.com.ar\/web\/wp-json\/wp\/v2\/users\/2"}],"replies":[{"embeddable":true,"href":"https:\/\/elpueblonoticia.com.ar\/web\/wp-json\/wp\/v2\/comments?post=2297"}],"version-history":[{"count":0,"href":"https:\/\/elpueblonoticia.com.ar\/web\/wp-json\/wp\/v2\/posts\/2297\/revisions"}],"wp:featuredmedia":[{"embeddable":true,"href":"https:\/\/elpueblonoticia.com.ar\/web\/wp-json\/wp\/v2\/media\/2298"}],"wp:attachment":[{"href":"https:\/\/elpueblonoticia.com.ar\/web\/wp-json\/wp\/v2\/media?parent=2297"}],"wp:term":[{"taxonomy":"category","embeddable":true,"href":"https:\/\/elpueblonoticia.com.ar\/web\/wp-json\/wp\/v2\/categories?post=2297"},{"taxonomy":"post_tag","embeddable":true,"href":"https:\/\/elpueblonoticia.com.ar\/web\/wp-json\/wp\/v2\/tags?post=2297"}],"curies":[{"name":"wp","href":"https:\/\/api.w.org\/{rel}","templated":true}]}}