{"id":2293,"date":"2025-10-22T09:24:22","date_gmt":"2025-10-22T12:24:22","guid":{"rendered":"https:\/\/elpueblonoticia.com.ar\/web\/?p=2293"},"modified":"2025-10-22T09:24:22","modified_gmt":"2025-10-22T12:24:22","slug":"evite-estafas-invico-no-cuenta-con-gestores","status":"publish","type":"post","link":"https:\/\/elpueblonoticia.com.ar\/web\/2025\/10\/22\/evite-estafas-invico-no-cuenta-con-gestores\/","title":{"rendered":"EVITE ESTAFAS: INVICO NO CUENTA CON GESTORES"},"content":{"rendered":"<p class=\"x_MsoNormal\" data-olk-copy-source=\"MessageBody\">El Instituto de Viviendas de Corrientes, a los efectos de evitar estafas comunica a la ciudadan\u00eda que no cuenta con gestores para la realizaci\u00f3n de tr\u00e1mites ante ese organismo provincial.<\/p>\n<p class=\"x_MsoNormal\" aria-hidden=\"true\">\n<p class=\"x_MsoNormal\">En un comunicado que dio a conocer el Instituto de la Vivienda, afirma no contar con gestores ni intermediarios para la consulta o realizaci\u00f3n de tr\u00e1mites ante esa dependencia.<\/p>\n<p class=\"x_MsoNormal\" aria-hidden=\"true\">\n<p class=\"x_MsoNormal\">Recomienda por tanto a la poblaci\u00f3n que, ante cualquier duda, decida acercarse a las oficinas correspondientes, en la capital correntina en San Juan 460 o San Mart\u00edn 990, y en la ciudad de Goya en Juan Esteban Mart\u00ednez 94.<\/p>\n<p class=\"x_MsoNormal\" aria-hidden=\"true\">\n<p class=\"x_MsoNormal\">Adem\u00e1s, sugiere buscar la informaci\u00f3n en la p\u00e1gina oficial del organismo:\u00a0<a title=\"http:\/\/www.invico.gov.ar\/\" href=\"http:\/\/www.invico.gov.ar\/\" data-auth=\"NotApplicable\" data-linkindex=\"0\">www.invico.gov.ar<\/a><\/p>\n<p class=\"x_MsoNormal\" aria-hidden=\"true\">\n","protected":false},"excerpt":{"rendered":"<p>El Instituto de Viviendas de Corrientes, a los efectos de evitar estafas comunica a la ciudadan\u00eda que no cuenta con gestores para la realizaci\u00f3n de tr\u00e1mites ante ese organismo provincial. En un comunicado que dio a conocer el Instituto de la Vivienda, afirma no contar con gestores ni intermediarios para la consulta o realizaci\u00f3n de [&hellip;]<\/p>\n","protected":false},"author":2,"featured_media":2294,"comment_status":"open","ping_status":"open","sticky":false,"template":"","format":"standard","meta":{"footnotes":""},"categories":[78],"tags":[],"class_list":{"0":"post-2293","1":"post","2":"type-post","3":"status-publish","4":"format-standard","5":"has-post-thumbnail","7":"category-generales"},"_links":{"self":[{"href":"https:\/\/elpueblonoticia.com.ar\/web\/wp-json\/wp\/v2\/posts\/2293","targetHints":{"allow":["GET"]}}],"collection":[{"href":"https:\/\/elpueblonoticia.com.ar\/web\/wp-json\/wp\/v2\/posts"}],"about":[{"href":"https:\/\/elpueblonoticia.com.ar\/web\/wp-json\/wp\/v2\/types\/post"}],"author":[{"embeddable":true,"href":"https:\/\/elpueblonoticia.com.ar\/web\/wp-json\/wp\/v2\/users\/2"}],"replies":[{"embeddable":true,"href":"https:\/\/elpueblonoticia.com.ar\/web\/wp-json\/wp\/v2\/comments?post=2293"}],"version-history":[{"count":0,"href":"https:\/\/elpueblonoticia.com.ar\/web\/wp-json\/wp\/v2\/posts\/2293\/revisions"}],"wp:featuredmedia":[{"embeddable":true,"href":"https:\/\/elpueblonoticia.com.ar\/web\/wp-json\/wp\/v2\/media\/2294"}],"wp:attachment":[{"href":"https:\/\/elpueblonoticia.com.ar\/web\/wp-json\/wp\/v2\/media?parent=2293"}],"wp:term":[{"taxonomy":"category","embeddable":true,"href":"https:\/\/elpueblonoticia.com.ar\/web\/wp-json\/wp\/v2\/categories?post=2293"},{"taxonomy":"post_tag","embeddable":true,"href":"https:\/\/elpueblonoticia.com.ar\/web\/wp-json\/wp\/v2\/tags?post=2293"}],"curies":[{"name":"wp","href":"https:\/\/api.w.org\/{rel}","templated":true}]}}