{"id":2244,"date":"2025-10-22T07:40:18","date_gmt":"2025-10-22T10:40:18","guid":{"rendered":"https:\/\/elpueblonoticia.com.ar\/web\/?p=2244"},"modified":"2025-10-22T07:40:18","modified_gmt":"2025-10-22T10:40:18","slug":"conin-goya-invita-a-conocer-un-mundo-neurodiverso","status":"publish","type":"post","link":"https:\/\/elpueblonoticia.com.ar\/web\/2025\/10\/22\/conin-goya-invita-a-conocer-un-mundo-neurodiverso\/","title":{"rendered":"CONIN GOYA INVITA A CONOCER UN MUNDO NEURODIVERSO"},"content":{"rendered":"<p class=\"x_MsoNormal\" data-olk-copy-source=\"MessageBody\">Charla para familias: \u201cAbordaje interdisciplinario en CEA\u201d se realizar\u00e1 este mi\u00e9rcoles 22 de octubre a las 10 horas.<\/p>\n<p class=\"x_MsoNormal\">En el marco del Mes de la Plena Inclusi\u00f3n de las Personas con Discapacidad, el Centro CONIN Goya, ubicado en calle Tucum\u00e1n 557, ofrecer\u00e1 este mi\u00e9rcoles 22 de octubre a las 10 horas una charla destinada a las familias titulada \u201cConociendo un Mundo Neurodiverso \u2013 Abordaje interdisciplinario en CEA\u201d.<\/p>\n<p class=\"x_MsoNormal\">En di\u00e1logo con la FM 88.3, la coordinadora del Centro CONIN Goya, Julieta Luna, brind\u00f3 detalles sobre esta propuesta que busca fortalecer la comprensi\u00f3n y el acompa\u00f1amiento de las personas dentro del espectro autista, en el marco de una mirada integral e inclusiva.<\/p>\n<p class=\"x_MsoNormal\">\u201cEsta charla que se va a realizar ma\u00f1ana en CONIN est\u00e1 marcada dentro de las actividades por el mes de la plena inclusi\u00f3n de las personas con discapacidad\u201d, explic\u00f3 Julieta Luna, al tiempo que destac\u00f3 el compromiso de la instituci\u00f3n con las acciones comunitarias.<\/p>\n<p class=\"x_MsoNormal\">\u201cPor suerte, ya es el tercer a\u00f1o que CONIN se suma no solamente al festival y a las actividades que se realizan siempre en plaza Mitre, sino que tambi\u00e9n estamos ofreciendo charlas\u201d, a\u00f1adi\u00f3.<\/p>\n<p class=\"x_MsoNormal\">La coordinadora subray\u00f3 que este nuevo encuentro est\u00e1 orientado a brindar informaci\u00f3n clara y accesible sobre el autismo, con la participaci\u00f3n activa de todo el equipo interdisciplinario del Centro.<\/p>\n<p class=\"x_MsoNormal\">\u201cEsta charla s\u00ed que tiene que ver con brindar informaci\u00f3n del autismo, la va a estar realizando todo el equipo de profesionales del centro\u201d, indic\u00f3 Luna, al tiempo que resalt\u00f3 la importancia del trabajo conjunto de diferentes \u00e1reas.<\/p>\n<p class=\"x_MsoNormal\">La propuesta se enmarca bajo el lema \u201cConociendo el Mundo Neurodiverso\u201d, y, seg\u00fan explic\u00f3 la coordinadora, \u201chablamos de interdisciplinario porque varias profesionales justamente van a hacer este abordaje\u201d.<\/p>\n<p class=\"x_MsoNormal\">Durante la entrevista, Julieta Luna coment\u00f3 que si bien en otras ocasiones las capacitaciones estuvieron dirigidas a profesionales o docentes, en esta oportunidad la convocatoria se abre a toda la comunidad, para generar un espacio de comprensi\u00f3n y acompa\u00f1amiento.<\/p>\n<p class=\"x_MsoNormal\">\u201cDurante todo este tiempo en algunas ocasiones est\u00e1 focalizado a profesionales o a docentes, pero en realidad tambi\u00e9n est\u00e1 abierto a la comunidad, porque a veces no sabemos c\u00f3mo responder o c\u00f3mo atender esta cuesti\u00f3n del entorno del espectro autista\u201d, se\u00f1al\u00f3.<\/p>\n<p class=\"x_MsoNormal\">\u201cLa charla est\u00e1 pensada en un principio para familias, pero obviamente es abierta al p\u00fablico, as\u00ed que todos los interesados pueden sumarse\u201d, agreg\u00f3.<\/p>\n<p class=\"x_MsoNormal\">En cuanto a los temas que se tratar\u00e1n, Julieta Luna adelant\u00f3 que se abordar\u00e1n aspectos educativos, alimentarios y sociales, adem\u00e1s de brindar herramientas pr\u00e1cticas para las familias.<\/p>\n<p class=\"x_MsoNormal\">\u201cNo solamente vamos a estar brindando informaci\u00f3n de qu\u00e9 espec\u00edficamente es, sino que tambi\u00e9n se va a estar hablando un poquito de alimentaci\u00f3n, educaci\u00f3n, los diferentes apoyos, herramientas\u201d, explic\u00f3.<\/p>\n<p class=\"x_MsoNormal\">\u201cTambi\u00e9n, por ah\u00ed desde el \u00e1rea social se va a abordar c\u00f3mo gestionar el Certificado \u00danico de Discapacidad. As\u00ed que vamos a estar hablando de todo un poco\u201d, subray\u00f3.<\/p>\n<p class=\"x_MsoNormal\">La charla, abierta y gratuita, representa una nueva oportunidad para conocer el amplio trabajo que desarrolla el equipo profesional de CONIN Goya, tanto en materia de prevenci\u00f3n de la desnutrici\u00f3n infantil como en la promoci\u00f3n de la inclusi\u00f3n y la salud integral.<\/p>\n<p class=\"x_MsoNormal\">\u201cClaro, y saber que este Centro CONIN aborda espec\u00edficamente la desnutrici\u00f3n infantil, pero nos hemos encontrado con pacientes con esta condici\u00f3n. Entonces, tambi\u00e9n hace unos a\u00f1os nosotros asumimos el compromiso de salir m\u00e1s a la comunidad, y esto forma parte de eso, de darnos a conocer\u201d, concluy\u00f3 Julieta Luna, destacando el compromiso del Centro con la comunidad goyana.<\/p>\n","protected":false},"excerpt":{"rendered":"<p>Charla para familias: \u201cAbordaje interdisciplinario en CEA\u201d se realizar\u00e1 este mi\u00e9rcoles 22 de octubre a las 10 horas. En el marco del Mes de la Plena Inclusi\u00f3n de las Personas con Discapacidad, el Centro CONIN Goya, ubicado en calle Tucum\u00e1n 557, ofrecer\u00e1 este mi\u00e9rcoles 22 de octubre a las 10 horas una charla destinada a [&hellip;]<\/p>\n","protected":false},"author":2,"featured_media":2245,"comment_status":"open","ping_status":"open","sticky":false,"template":"","format":"standard","meta":{"footnotes":""},"categories":[56],"tags":[],"class_list":{"0":"post-2244","1":"post","2":"type-post","3":"status-publish","4":"format-standard","5":"has-post-thumbnail","7":"category-locales"},"_links":{"self":[{"href":"https:\/\/elpueblonoticia.com.ar\/web\/wp-json\/wp\/v2\/posts\/2244","targetHints":{"allow":["GET"]}}],"collection":[{"href":"https:\/\/elpueblonoticia.com.ar\/web\/wp-json\/wp\/v2\/posts"}],"about":[{"href":"https:\/\/elpueblonoticia.com.ar\/web\/wp-json\/wp\/v2\/types\/post"}],"author":[{"embeddable":true,"href":"https:\/\/elpueblonoticia.com.ar\/web\/wp-json\/wp\/v2\/users\/2"}],"replies":[{"embeddable":true,"href":"https:\/\/elpueblonoticia.com.ar\/web\/wp-json\/wp\/v2\/comments?post=2244"}],"version-history":[{"count":0,"href":"https:\/\/elpueblonoticia.com.ar\/web\/wp-json\/wp\/v2\/posts\/2244\/revisions"}],"wp:featuredmedia":[{"embeddable":true,"href":"https:\/\/elpueblonoticia.com.ar\/web\/wp-json\/wp\/v2\/media\/2245"}],"wp:attachment":[{"href":"https:\/\/elpueblonoticia.com.ar\/web\/wp-json\/wp\/v2\/media?parent=2244"}],"wp:term":[{"taxonomy":"category","embeddable":true,"href":"https:\/\/elpueblonoticia.com.ar\/web\/wp-json\/wp\/v2\/categories?post=2244"},{"taxonomy":"post_tag","embeddable":true,"href":"https:\/\/elpueblonoticia.com.ar\/web\/wp-json\/wp\/v2\/tags?post=2244"}],"curies":[{"name":"wp","href":"https:\/\/api.w.org\/{rel}","templated":true}]}}