{"id":2239,"date":"2025-10-21T11:44:53","date_gmt":"2025-10-21T14:44:53","guid":{"rendered":"https:\/\/elpueblonoticia.com.ar\/web\/?p=2239"},"modified":"2025-10-21T12:03:55","modified_gmt":"2025-10-21T15:03:55","slug":"el-partido-forja-goya-acompanara-gran-caminata-cierre-de-campana-vamos-corrientes","status":"publish","type":"post","link":"https:\/\/elpueblonoticia.com.ar\/web\/2025\/10\/21\/el-partido-forja-goya-acompanara-gran-caminata-cierre-de-campana-vamos-corrientes\/","title":{"rendered":"El Partido Forja Goya acompa\u00f1ar\u00e1 gran caminata cierre de campa\u00f1a Vamos Corrientes"},"content":{"rendered":"<p><img loading=\"lazy\" decoding=\"async\" class=\"alignnone size-medium wp-image-2241\" src=\"https:\/\/elpueblonoticia.com.ar\/web\/wp-content\/uploads\/2025\/10\/IMG_5608-300x300.jpeg\" alt=\"\" width=\"300\" height=\"300\" srcset=\"https:\/\/elpueblonoticia.com.ar\/web\/wp-content\/uploads\/2025\/10\/IMG_5608-300x300.jpeg 300w, https:\/\/elpueblonoticia.com.ar\/web\/wp-content\/uploads\/2025\/10\/IMG_5608-150x150.jpeg 150w, https:\/\/elpueblonoticia.com.ar\/web\/wp-content\/uploads\/2025\/10\/IMG_5608-768x768.jpeg 768w, https:\/\/elpueblonoticia.com.ar\/web\/wp-content\/uploads\/2025\/10\/IMG_5608-420x420.jpeg 420w, https:\/\/elpueblonoticia.com.ar\/web\/wp-content\/uploads\/2025\/10\/IMG_5608-696x696.jpeg 696w, https:\/\/elpueblonoticia.com.ar\/web\/wp-content\/uploads\/2025\/10\/IMG_5608.jpeg 974w\" sizes=\"auto, (max-width: 300px) 100vw, 300px\" \/><br \/>\nEn la antesala de los comicios que se celebrar\u00e1n el pr\u00f3ximo domingo 26, el Comit\u00e9 Departamental del Partido de Forja Goya, invita a afiliados y simpatizantes a la gran caminata cierre de campa\u00f1a VAMOS CTES acompa\u00f1ados por los candidatos a Diputados Nacionales: Di\u00f3genes Gonz\u00e1lez y Pr\u00e1xedes L\u00f3pez.<\/p>\n<p>De esta manera, Forja Goya acompa\u00f1a el esquema de Gobierno Provincial y reafirma su apoyo al gobernador Gustavo Vald\u00e9s y a la alianza oficialista Vamos Corrientes.<\/p>\n<p>Asimismo, acompa\u00f1ar\u00e1 el intendente de Goya Mariano Hormaechea. La concentraci\u00f3n y posterior salida est\u00e1 prevista en Av. Mazzanti y Jujuy a las 16:30 horas. Los esperamos.<\/p>\n","protected":false},"excerpt":{"rendered":"<p>En la antesala de los comicios que se celebrar\u00e1n el pr\u00f3ximo domingo 26, el Comit\u00e9 Departamental del Partido de Forja Goya, invita a afiliados y simpatizantes a la gran caminata cierre de campa\u00f1a VAMOS CTES acompa\u00f1ados por los candidatos a Diputados Nacionales: Di\u00f3genes Gonz\u00e1lez y Pr\u00e1xedes L\u00f3pez. De esta manera, Forja Goya acompa\u00f1a el esquema [&hellip;]<\/p>\n","protected":false},"author":2,"featured_media":2240,"comment_status":"open","ping_status":"open","sticky":false,"template":"","format":"standard","meta":{"footnotes":""},"categories":[66],"tags":[],"class_list":{"0":"post-2239","1":"post","2":"type-post","3":"status-publish","4":"format-standard","5":"has-post-thumbnail","7":"category-politica-nacionales"},"_links":{"self":[{"href":"https:\/\/elpueblonoticia.com.ar\/web\/wp-json\/wp\/v2\/posts\/2239","targetHints":{"allow":["GET"]}}],"collection":[{"href":"https:\/\/elpueblonoticia.com.ar\/web\/wp-json\/wp\/v2\/posts"}],"about":[{"href":"https:\/\/elpueblonoticia.com.ar\/web\/wp-json\/wp\/v2\/types\/post"}],"author":[{"embeddable":true,"href":"https:\/\/elpueblonoticia.com.ar\/web\/wp-json\/wp\/v2\/users\/2"}],"replies":[{"embeddable":true,"href":"https:\/\/elpueblonoticia.com.ar\/web\/wp-json\/wp\/v2\/comments?post=2239"}],"version-history":[{"count":0,"href":"https:\/\/elpueblonoticia.com.ar\/web\/wp-json\/wp\/v2\/posts\/2239\/revisions"}],"wp:featuredmedia":[{"embeddable":true,"href":"https:\/\/elpueblonoticia.com.ar\/web\/wp-json\/wp\/v2\/media\/2240"}],"wp:attachment":[{"href":"https:\/\/elpueblonoticia.com.ar\/web\/wp-json\/wp\/v2\/media?parent=2239"}],"wp:term":[{"taxonomy":"category","embeddable":true,"href":"https:\/\/elpueblonoticia.com.ar\/web\/wp-json\/wp\/v2\/categories?post=2239"},{"taxonomy":"post_tag","embeddable":true,"href":"https:\/\/elpueblonoticia.com.ar\/web\/wp-json\/wp\/v2\/tags?post=2239"}],"curies":[{"name":"wp","href":"https:\/\/api.w.org\/{rel}","templated":true}]}}