{"id":2234,"date":"2025-10-21T11:07:03","date_gmt":"2025-10-21T14:07:03","guid":{"rendered":"https:\/\/elpueblonoticia.com.ar\/web\/?p=2234"},"modified":"2025-10-21T11:07:03","modified_gmt":"2025-10-21T14:07:03","slug":"gran-caminata-cierre-de-campana-de-vamos-corrientes","status":"publish","type":"post","link":"https:\/\/elpueblonoticia.com.ar\/web\/2025\/10\/21\/gran-caminata-cierre-de-campana-de-vamos-corrientes\/","title":{"rendered":"Gran Caminata Cierre de Campa\u00f1a de \u201cVAMOS CORRIENTES\u201d"},"content":{"rendered":"<p class=\"x_MsoNormal\" data-olk-copy-source=\"MessageBody\">El domingo 26 el turno electoral es para la elecci\u00f3n de legisladores nacionales, con el uso de la Boleta \u00danica.<\/p>\n<p class=\"x_MsoNormal\">Se invita a participar del cierre de campa\u00f1a de \u201cVamos Corrientes\u201d con la Gran Caminata, este martes 21 de octubre, a las 16 y 30 horas desde Avenida Mazzanti y calle Jujuy.<\/p>\n<p class=\"x_MsoNormal\">S\u00famate a la caminata de cierre de campa\u00f1a de Vamos Corrientes, en Goya.<\/p>\n<p class=\"x_MsoNormal\">Te esperamos<\/p>\n","protected":false},"excerpt":{"rendered":"<p>El domingo 26 el turno electoral es para la elecci\u00f3n de legisladores nacionales, con el uso de la Boleta \u00danica. Se invita a participar del cierre de campa\u00f1a de \u201cVamos Corrientes\u201d con la Gran Caminata, este martes 21 de octubre, a las 16 y 30 horas desde Avenida Mazzanti y calle Jujuy. S\u00famate a la [&hellip;]<\/p>\n","protected":false},"author":2,"featured_media":2235,"comment_status":"open","ping_status":"open","sticky":false,"template":"","format":"standard","meta":{"footnotes":""},"categories":[66],"tags":[],"class_list":{"0":"post-2234","1":"post","2":"type-post","3":"status-publish","4":"format-standard","5":"has-post-thumbnail","7":"category-politica-nacionales"},"_links":{"self":[{"href":"https:\/\/elpueblonoticia.com.ar\/web\/wp-json\/wp\/v2\/posts\/2234","targetHints":{"allow":["GET"]}}],"collection":[{"href":"https:\/\/elpueblonoticia.com.ar\/web\/wp-json\/wp\/v2\/posts"}],"about":[{"href":"https:\/\/elpueblonoticia.com.ar\/web\/wp-json\/wp\/v2\/types\/post"}],"author":[{"embeddable":true,"href":"https:\/\/elpueblonoticia.com.ar\/web\/wp-json\/wp\/v2\/users\/2"}],"replies":[{"embeddable":true,"href":"https:\/\/elpueblonoticia.com.ar\/web\/wp-json\/wp\/v2\/comments?post=2234"}],"version-history":[{"count":0,"href":"https:\/\/elpueblonoticia.com.ar\/web\/wp-json\/wp\/v2\/posts\/2234\/revisions"}],"wp:featuredmedia":[{"embeddable":true,"href":"https:\/\/elpueblonoticia.com.ar\/web\/wp-json\/wp\/v2\/media\/2235"}],"wp:attachment":[{"href":"https:\/\/elpueblonoticia.com.ar\/web\/wp-json\/wp\/v2\/media?parent=2234"}],"wp:term":[{"taxonomy":"category","embeddable":true,"href":"https:\/\/elpueblonoticia.com.ar\/web\/wp-json\/wp\/v2\/categories?post=2234"},{"taxonomy":"post_tag","embeddable":true,"href":"https:\/\/elpueblonoticia.com.ar\/web\/wp-json\/wp\/v2\/tags?post=2234"}],"curies":[{"name":"wp","href":"https:\/\/api.w.org\/{rel}","templated":true}]}}