{"id":2229,"date":"2025-10-21T11:01:38","date_gmt":"2025-10-21T14:01:38","guid":{"rendered":"https:\/\/elpueblonoticia.com.ar\/web\/?p=2229"},"modified":"2025-10-21T11:01:38","modified_gmt":"2025-10-21T14:01:38","slug":"la-noche-de-los-museos","status":"publish","type":"post","link":"https:\/\/elpueblonoticia.com.ar\/web\/2025\/10\/21\/la-noche-de-los-museos\/","title":{"rendered":"LA NOCHE DE LOS MUSEOS"},"content":{"rendered":"<p data-olk-copy-source=\"MessageBody\"><img loading=\"lazy\" decoding=\"async\" class=\"alignnone size-full wp-image-2231\" src=\"https:\/\/elpueblonoticia.com.ar\/web\/wp-content\/uploads\/2025\/10\/noche-de-los-museos-ilustracion-1.jpg\" alt=\"\" width=\"300\" height=\"200\" \/><\/p>\n<p class=\"x_MsoNormal\" data-olk-copy-source=\"MessageBody\">Por razones organizativas se ha reprogramado la fecha para la propuesta de recorrer lugares hist\u00f3ricos y emblem\u00e1ticos de la ciudad, en el marco de \u201cLa Noche de los Museos\u201d.<\/p>\n<p class=\"x_MsoNormal\">La Direcci\u00f3n de Cultura inform\u00f3 que la fecha inicial se estableci\u00f3 para el 1 de noviembre, pero ahora se trasladar\u00e1 al 22 del mismo mes.<\/p>\n<p class=\"x_MsoNormal\" aria-hidden=\"true\">\n<p class=\"x_MsoNormal\">Se invita a las instituciones interesadas en participar, en formar parte del circuito a recorrer durante esa jornada, a comunicarse al 3777- 821002.<\/p>\n","protected":false},"excerpt":{"rendered":"<p>Por razones organizativas se ha reprogramado la fecha para la propuesta de recorrer lugares hist\u00f3ricos y emblem\u00e1ticos de la ciudad, en el marco de \u201cLa Noche de los Museos\u201d. La Direcci\u00f3n de Cultura inform\u00f3 que la fecha inicial se estableci\u00f3 para el 1 de noviembre, pero ahora se trasladar\u00e1 al 22 del mismo mes. Se [&hellip;]<\/p>\n","protected":false},"author":2,"featured_media":2230,"comment_status":"open","ping_status":"open","sticky":false,"template":"","format":"standard","meta":{"footnotes":""},"categories":[78],"tags":[],"class_list":{"0":"post-2229","1":"post","2":"type-post","3":"status-publish","4":"format-standard","5":"has-post-thumbnail","7":"category-generales"},"_links":{"self":[{"href":"https:\/\/elpueblonoticia.com.ar\/web\/wp-json\/wp\/v2\/posts\/2229","targetHints":{"allow":["GET"]}}],"collection":[{"href":"https:\/\/elpueblonoticia.com.ar\/web\/wp-json\/wp\/v2\/posts"}],"about":[{"href":"https:\/\/elpueblonoticia.com.ar\/web\/wp-json\/wp\/v2\/types\/post"}],"author":[{"embeddable":true,"href":"https:\/\/elpueblonoticia.com.ar\/web\/wp-json\/wp\/v2\/users\/2"}],"replies":[{"embeddable":true,"href":"https:\/\/elpueblonoticia.com.ar\/web\/wp-json\/wp\/v2\/comments?post=2229"}],"version-history":[{"count":0,"href":"https:\/\/elpueblonoticia.com.ar\/web\/wp-json\/wp\/v2\/posts\/2229\/revisions"}],"wp:featuredmedia":[{"embeddable":true,"href":"https:\/\/elpueblonoticia.com.ar\/web\/wp-json\/wp\/v2\/media\/2230"}],"wp:attachment":[{"href":"https:\/\/elpueblonoticia.com.ar\/web\/wp-json\/wp\/v2\/media?parent=2229"}],"wp:term":[{"taxonomy":"category","embeddable":true,"href":"https:\/\/elpueblonoticia.com.ar\/web\/wp-json\/wp\/v2\/categories?post=2229"},{"taxonomy":"post_tag","embeddable":true,"href":"https:\/\/elpueblonoticia.com.ar\/web\/wp-json\/wp\/v2\/tags?post=2229"}],"curies":[{"name":"wp","href":"https:\/\/api.w.org\/{rel}","templated":true}]}}