{"id":2224,"date":"2025-10-21T10:56:12","date_gmt":"2025-10-21T13:56:12","guid":{"rendered":"https:\/\/elpueblonoticia.com.ar\/web\/?p=2224"},"modified":"2025-10-21T10:56:12","modified_gmt":"2025-10-21T13:56:12","slug":"dia-de-la-sensibilizacion-del-cancer","status":"publish","type":"post","link":"https:\/\/elpueblonoticia.com.ar\/web\/2025\/10\/21\/dia-de-la-sensibilizacion-del-cancer\/","title":{"rendered":"D\u00cdA DE LA SENSIBILIZACI\u00d3N DEL C\u00c1NCER"},"content":{"rendered":"<p data-olk-copy-source=\"MessageBody\"><img loading=\"lazy\" decoding=\"async\" class=\"alignnone size-medium wp-image-2226\" src=\"https:\/\/elpueblonoticia.com.ar\/web\/wp-content\/uploads\/2025\/10\/UCP-Adhesion-dia-del-cancer-iluminacion-rosa-2-edificio-municipal-entrada-225x300.jpg\" alt=\"\" width=\"225\" height=\"300\" srcset=\"https:\/\/elpueblonoticia.com.ar\/web\/wp-content\/uploads\/2025\/10\/UCP-Adhesion-dia-del-cancer-iluminacion-rosa-2-edificio-municipal-entrada-225x300.jpg 225w, https:\/\/elpueblonoticia.com.ar\/web\/wp-content\/uploads\/2025\/10\/UCP-Adhesion-dia-del-cancer-iluminacion-rosa-2-edificio-municipal-entrada-768x1024.jpg 768w, https:\/\/elpueblonoticia.com.ar\/web\/wp-content\/uploads\/2025\/10\/UCP-Adhesion-dia-del-cancer-iluminacion-rosa-2-edificio-municipal-entrada-1152x1536.jpg 1152w, https:\/\/elpueblonoticia.com.ar\/web\/wp-content\/uploads\/2025\/10\/UCP-Adhesion-dia-del-cancer-iluminacion-rosa-2-edificio-municipal-entrada-315x420.jpg 315w, https:\/\/elpueblonoticia.com.ar\/web\/wp-content\/uploads\/2025\/10\/UCP-Adhesion-dia-del-cancer-iluminacion-rosa-2-edificio-municipal-entrada-696x928.jpg 696w, https:\/\/elpueblonoticia.com.ar\/web\/wp-content\/uploads\/2025\/10\/UCP-Adhesion-dia-del-cancer-iluminacion-rosa-2-edificio-municipal-entrada-1068x1424.jpg 1068w, https:\/\/elpueblonoticia.com.ar\/web\/wp-content\/uploads\/2025\/10\/UCP-Adhesion-dia-del-cancer-iluminacion-rosa-2-edificio-municipal-entrada.jpg 1200w\" sizes=\"auto, (max-width: 225px) 100vw, 225px\" \/><\/p>\n<p class=\"x_MsoNormal\" data-olk-copy-source=\"MessageBody\">El 19 de octubre se estableci\u00f3 como la fecha para concientizar sobre esta patolog\u00eda, y es por ello que la Municipalidad\u00a0adhiri\u00f3 con el recorrido por diferentes \u00e1reas, espacios, oficinas, y se\u00a0invit\u00f3 a las instituciones de la ciudad a sumarse en ese sentido.<\/p>\n<p class=\"x_MsoNormal\" aria-hidden=\"true\">\n<p class=\"x_MsoNormal\">Aceptando la propuesta de visibilizar esta adhesi\u00f3n, la Sede Regional Goya de la Universidad de la Cuenca del Plata, siendo este d\u00eda lunes h\u00e1bil, decidi\u00f3 como muestra de esa sensibilizaci\u00f3n iluminar el frente de la casa de altos estudios con el color simb\u00f3lico de la concientizaci\u00f3n, rosa.<\/p>\n<p class=\"x_MsoNormal\" aria-hidden=\"true\">\n<p class=\"x_MsoNormal\">De esta manera, junto a \u00e1reas municipales, funcionarios, la UCP Sede Goya adhiri\u00f3 a la campa\u00f1a de concientizaci\u00f3n.<\/p>\n","protected":false},"excerpt":{"rendered":"<p>El 19 de octubre se estableci\u00f3 como la fecha para concientizar sobre esta patolog\u00eda, y es por ello que la Municipalidad\u00a0adhiri\u00f3 con el recorrido por diferentes \u00e1reas, espacios, oficinas, y se\u00a0invit\u00f3 a las instituciones de la ciudad a sumarse en ese sentido. Aceptando la propuesta de visibilizar esta adhesi\u00f3n, la Sede Regional Goya de la [&hellip;]<\/p>\n","protected":false},"author":2,"featured_media":2225,"comment_status":"open","ping_status":"open","sticky":false,"template":"","format":"standard","meta":{"footnotes":""},"categories":[78],"tags":[],"class_list":{"0":"post-2224","1":"post","2":"type-post","3":"status-publish","4":"format-standard","5":"has-post-thumbnail","7":"category-generales"},"_links":{"self":[{"href":"https:\/\/elpueblonoticia.com.ar\/web\/wp-json\/wp\/v2\/posts\/2224","targetHints":{"allow":["GET"]}}],"collection":[{"href":"https:\/\/elpueblonoticia.com.ar\/web\/wp-json\/wp\/v2\/posts"}],"about":[{"href":"https:\/\/elpueblonoticia.com.ar\/web\/wp-json\/wp\/v2\/types\/post"}],"author":[{"embeddable":true,"href":"https:\/\/elpueblonoticia.com.ar\/web\/wp-json\/wp\/v2\/users\/2"}],"replies":[{"embeddable":true,"href":"https:\/\/elpueblonoticia.com.ar\/web\/wp-json\/wp\/v2\/comments?post=2224"}],"version-history":[{"count":0,"href":"https:\/\/elpueblonoticia.com.ar\/web\/wp-json\/wp\/v2\/posts\/2224\/revisions"}],"wp:featuredmedia":[{"embeddable":true,"href":"https:\/\/elpueblonoticia.com.ar\/web\/wp-json\/wp\/v2\/media\/2225"}],"wp:attachment":[{"href":"https:\/\/elpueblonoticia.com.ar\/web\/wp-json\/wp\/v2\/media?parent=2224"}],"wp:term":[{"taxonomy":"category","embeddable":true,"href":"https:\/\/elpueblonoticia.com.ar\/web\/wp-json\/wp\/v2\/categories?post=2224"},{"taxonomy":"post_tag","embeddable":true,"href":"https:\/\/elpueblonoticia.com.ar\/web\/wp-json\/wp\/v2\/tags?post=2224"}],"curies":[{"name":"wp","href":"https:\/\/api.w.org\/{rel}","templated":true}]}}