{"id":2204,"date":"2025-10-21T10:36:56","date_gmt":"2025-10-21T13:36:56","guid":{"rendered":"https:\/\/elpueblonoticia.com.ar\/web\/?p=2204"},"modified":"2025-10-21T10:36:56","modified_gmt":"2025-10-21T13:36:56","slug":"conferencia-de-prensa","status":"publish","type":"post","link":"https:\/\/elpueblonoticia.com.ar\/web\/2025\/10\/21\/conferencia-de-prensa\/","title":{"rendered":"CONFERENCIA DE PRENSA"},"content":{"rendered":"<p class=\"x_MsoNormal\" data-olk-copy-source=\"MessageBody\">Presentaci\u00f3n de indumentaria deportiva y del plantel que debutar\u00e1 en el Federal.<\/p>\n<p class=\"x_MsoNormal\">El Club Social y Sportivo Surub\u00ed har\u00e1 su debut en el Torneo Regional Federal Amateur de F\u00fatbol. En tal sentido, el pr\u00f3ximo mi\u00e9rcoles 22 de octubre a las 20 horas, por medio de una Conferencia de Prensa, en la Casa de la Cultura se realizar\u00e1 la presentaci\u00f3n de los jugadores que reforzar\u00e1n el plantel del mencionado club y la indumentaria que utilizar\u00e1n durante su participaci\u00f3n en el Torneo Federal.<\/p>\n<p class=\"x_MsoNormal\">Se invita a periodistas, comunicadores sociales, responsables de portales digitales asistir para la correspondiente cobertura de esta presentaci\u00f3n.<\/p>\n<p class=\"x_MsoNormal\">Un dato a destacar: es el debut absoluto del Club Social y Sportivo Surub\u00ed en la competencia regional federal de f\u00fatbol, compartiendo zona con los equipos Deportivo Mandiy\u00fa de la capital Correntina y Defensores de San Roque.<\/p>\n","protected":false},"excerpt":{"rendered":"<p>Presentaci\u00f3n de indumentaria deportiva y del plantel que debutar\u00e1 en el Federal. El Club Social y Sportivo Surub\u00ed har\u00e1 su debut en el Torneo Regional Federal Amateur de F\u00fatbol. En tal sentido, el pr\u00f3ximo mi\u00e9rcoles 22 de octubre a las 20 horas, por medio de una Conferencia de Prensa, en la Casa de la Cultura [&hellip;]<\/p>\n","protected":false},"author":2,"featured_media":2205,"comment_status":"open","ping_status":"open","sticky":false,"template":"","format":"standard","meta":{"footnotes":""},"categories":[56],"tags":[],"class_list":{"0":"post-2204","1":"post","2":"type-post","3":"status-publish","4":"format-standard","5":"has-post-thumbnail","7":"category-locales"},"_links":{"self":[{"href":"https:\/\/elpueblonoticia.com.ar\/web\/wp-json\/wp\/v2\/posts\/2204","targetHints":{"allow":["GET"]}}],"collection":[{"href":"https:\/\/elpueblonoticia.com.ar\/web\/wp-json\/wp\/v2\/posts"}],"about":[{"href":"https:\/\/elpueblonoticia.com.ar\/web\/wp-json\/wp\/v2\/types\/post"}],"author":[{"embeddable":true,"href":"https:\/\/elpueblonoticia.com.ar\/web\/wp-json\/wp\/v2\/users\/2"}],"replies":[{"embeddable":true,"href":"https:\/\/elpueblonoticia.com.ar\/web\/wp-json\/wp\/v2\/comments?post=2204"}],"version-history":[{"count":0,"href":"https:\/\/elpueblonoticia.com.ar\/web\/wp-json\/wp\/v2\/posts\/2204\/revisions"}],"wp:featuredmedia":[{"embeddable":true,"href":"https:\/\/elpueblonoticia.com.ar\/web\/wp-json\/wp\/v2\/media\/2205"}],"wp:attachment":[{"href":"https:\/\/elpueblonoticia.com.ar\/web\/wp-json\/wp\/v2\/media?parent=2204"}],"wp:term":[{"taxonomy":"category","embeddable":true,"href":"https:\/\/elpueblonoticia.com.ar\/web\/wp-json\/wp\/v2\/categories?post=2204"},{"taxonomy":"post_tag","embeddable":true,"href":"https:\/\/elpueblonoticia.com.ar\/web\/wp-json\/wp\/v2\/tags?post=2204"}],"curies":[{"name":"wp","href":"https:\/\/api.w.org\/{rel}","templated":true}]}}