{"id":2190,"date":"2025-10-21T08:41:41","date_gmt":"2025-10-21T11:41:41","guid":{"rendered":"https:\/\/elpueblonoticia.com.ar\/web\/?p=2190"},"modified":"2025-10-21T08:41:41","modified_gmt":"2025-10-21T11:41:41","slug":"el-colegio-secundario-guemes-de-tejada-celebro-110-anos-de-historia","status":"publish","type":"post","link":"https:\/\/elpueblonoticia.com.ar\/web\/2025\/10\/21\/el-colegio-secundario-guemes-de-tejada-celebro-110-anos-de-historia\/","title":{"rendered":"EL COLEGIO SECUNDARIO G\u00dcEMES DE TEJADA CELEBR\u00d3 110 A\u00d1OS DE HISTORIA"},"content":{"rendered":"<p data-olk-copy-source=\"MessageBody\"><img loading=\"lazy\" decoding=\"async\" class=\"alignnone size-medium wp-image-2191\" src=\"https:\/\/elpueblonoticia.com.ar\/web\/wp-content\/uploads\/2025\/10\/110-aniversario-Colegio-Guemes-de-Tejada-2-244x300.jpg\" alt=\"\" width=\"244\" height=\"300\" srcset=\"https:\/\/elpueblonoticia.com.ar\/web\/wp-content\/uploads\/2025\/10\/110-aniversario-Colegio-Guemes-de-Tejada-2-244x300.jpg 244w, https:\/\/elpueblonoticia.com.ar\/web\/wp-content\/uploads\/2025\/10\/110-aniversario-Colegio-Guemes-de-Tejada-2-831x1024.jpg 831w, https:\/\/elpueblonoticia.com.ar\/web\/wp-content\/uploads\/2025\/10\/110-aniversario-Colegio-Guemes-de-Tejada-2-768x946.jpg 768w, https:\/\/elpueblonoticia.com.ar\/web\/wp-content\/uploads\/2025\/10\/110-aniversario-Colegio-Guemes-de-Tejada-2-1247x1536.jpg 1247w, https:\/\/elpueblonoticia.com.ar\/web\/wp-content\/uploads\/2025\/10\/110-aniversario-Colegio-Guemes-de-Tejada-2-341x420.jpg 341w, https:\/\/elpueblonoticia.com.ar\/web\/wp-content\/uploads\/2025\/10\/110-aniversario-Colegio-Guemes-de-Tejada-2-324x400.jpg 324w, https:\/\/elpueblonoticia.com.ar\/web\/wp-content\/uploads\/2025\/10\/110-aniversario-Colegio-Guemes-de-Tejada-2-696x857.jpg 696w, https:\/\/elpueblonoticia.com.ar\/web\/wp-content\/uploads\/2025\/10\/110-aniversario-Colegio-Guemes-de-Tejada-2-1068x1316.jpg 1068w, https:\/\/elpueblonoticia.com.ar\/web\/wp-content\/uploads\/2025\/10\/110-aniversario-Colegio-Guemes-de-Tejada-2.jpg 1440w\" sizes=\"auto, (max-width: 244px) 100vw, 244px\" \/><img loading=\"lazy\" decoding=\"async\" class=\"alignnone size-medium wp-image-2193\" src=\"https:\/\/elpueblonoticia.com.ar\/web\/wp-content\/uploads\/2025\/10\/110-aniversario-Colegio-Guemes-de-Tejada-3-243x300.jpg\" alt=\"\" width=\"243\" height=\"300\" srcset=\"https:\/\/elpueblonoticia.com.ar\/web\/wp-content\/uploads\/2025\/10\/110-aniversario-Colegio-Guemes-de-Tejada-3-243x300.jpg 243w, https:\/\/elpueblonoticia.com.ar\/web\/wp-content\/uploads\/2025\/10\/110-aniversario-Colegio-Guemes-de-Tejada-3-829x1024.jpg 829w, https:\/\/elpueblonoticia.com.ar\/web\/wp-content\/uploads\/2025\/10\/110-aniversario-Colegio-Guemes-de-Tejada-3-768x948.jpg 768w, https:\/\/elpueblonoticia.com.ar\/web\/wp-content\/uploads\/2025\/10\/110-aniversario-Colegio-Guemes-de-Tejada-3-1244x1536.jpg 1244w, https:\/\/elpueblonoticia.com.ar\/web\/wp-content\/uploads\/2025\/10\/110-aniversario-Colegio-Guemes-de-Tejada-3-340x420.jpg 340w, https:\/\/elpueblonoticia.com.ar\/web\/wp-content\/uploads\/2025\/10\/110-aniversario-Colegio-Guemes-de-Tejada-3-324x400.jpg 324w, https:\/\/elpueblonoticia.com.ar\/web\/wp-content\/uploads\/2025\/10\/110-aniversario-Colegio-Guemes-de-Tejada-3-696x859.jpg 696w, https:\/\/elpueblonoticia.com.ar\/web\/wp-content\/uploads\/2025\/10\/110-aniversario-Colegio-Guemes-de-Tejada-3-1068x1319.jpg 1068w, https:\/\/elpueblonoticia.com.ar\/web\/wp-content\/uploads\/2025\/10\/110-aniversario-Colegio-Guemes-de-Tejada-3.jpg 1440w\" sizes=\"auto, (max-width: 243px) 100vw, 243px\" \/><img loading=\"lazy\" decoding=\"async\" class=\"alignnone size-medium wp-image-2194\" src=\"https:\/\/elpueblonoticia.com.ar\/web\/wp-content\/uploads\/2025\/10\/110-aniversario-Colegio-Guemes-de-Tejada-4-243x300.jpg\" alt=\"\" width=\"243\" height=\"300\" srcset=\"https:\/\/elpueblonoticia.com.ar\/web\/wp-content\/uploads\/2025\/10\/110-aniversario-Colegio-Guemes-de-Tejada-4-243x300.jpg 243w, https:\/\/elpueblonoticia.com.ar\/web\/wp-content\/uploads\/2025\/10\/110-aniversario-Colegio-Guemes-de-Tejada-4-829x1024.jpg 829w, https:\/\/elpueblonoticia.com.ar\/web\/wp-content\/uploads\/2025\/10\/110-aniversario-Colegio-Guemes-de-Tejada-4-768x948.jpg 768w, https:\/\/elpueblonoticia.com.ar\/web\/wp-content\/uploads\/2025\/10\/110-aniversario-Colegio-Guemes-de-Tejada-4-1244x1536.jpg 1244w, https:\/\/elpueblonoticia.com.ar\/web\/wp-content\/uploads\/2025\/10\/110-aniversario-Colegio-Guemes-de-Tejada-4-340x420.jpg 340w, https:\/\/elpueblonoticia.com.ar\/web\/wp-content\/uploads\/2025\/10\/110-aniversario-Colegio-Guemes-de-Tejada-4-324x400.jpg 324w, https:\/\/elpueblonoticia.com.ar\/web\/wp-content\/uploads\/2025\/10\/110-aniversario-Colegio-Guemes-de-Tejada-4-696x859.jpg 696w, https:\/\/elpueblonoticia.com.ar\/web\/wp-content\/uploads\/2025\/10\/110-aniversario-Colegio-Guemes-de-Tejada-4-1068x1319.jpg 1068w, https:\/\/elpueblonoticia.com.ar\/web\/wp-content\/uploads\/2025\/10\/110-aniversario-Colegio-Guemes-de-Tejada-4.jpg 1440w\" sizes=\"auto, (max-width: 243px) 100vw, 243px\" \/><\/p>\n<p class=\"x_MsoNormal\" data-olk-copy-source=\"MessageBody\">El Colegio Secundario &#8220;Magdalena G\u00fcemes de Tejada&#8221; celebr\u00f3 recientemente su 110\u00b0 aniversario con una serie de actividades conmemorativas centradas en el viernes 17 de octubre.\u00a0 La programaci\u00f3n de eventos continuar\u00e1 hasta fin de mes.<\/p>\n<p class=\"x_MsoNormal\">La ceremonia formal incluy\u00f3 la presentaci\u00f3n de la Banda Militar &#8220;Puerto Argentino&#8221; y cont\u00f3 con la presencia de representantes de la Municipalidad de Goya, el evento mostr\u00f3 el talento del Taller de Danzas, Folklore y Chamam\u00e9 de la escuela, con estudiantes que interpretaron varias piezas musicales coreografiadas, el conjunto de Fernando Perrotta \u201cRaza Yacar\u00e9\u201d y representantes del Instituto Superior Goya (ISG) tambi\u00e9n participaron, presentando obras teatrales y otras actuaciones.<\/p>\n<p class=\"x_MsoNormal\" aria-hidden=\"true\">\n<p class=\"x_MsoNormal\">La rectora de la escuela, la profesora Alicia Ben\u00edtez, brind\u00f3 detalles sobre las celebraciones en una entrevista radial. Hizo \u00e9nfasis en la rica historia de la escuela: &#8220;La escuela tiene una extensa historia, comenzando en 1915 como una escuela &#8216;Profesional&#8217;, evolucion\u00f3 gracias a los esfuerzos de una cooperativa de mujeres y se traslad\u00f3 por varios edificios hasta que finalmente obtuvo su propio edificio en 1995&#8221;. Rese\u00f1o.<\/p>\n<p class=\"x_MsoNormal\" aria-hidden=\"true\">\n<p class=\"x_MsoNormal\">La rectora se\u00f1al\u00f3 que, a pesar de la lluvia, la mayor\u00eda de las actividades planificadas se llevaron a cabo el viernes 17 de octubre, aunque el aniversario real de la escuela fue el 11 de octubre. &#8220;Hemos estado trabajando en el aniversario de la escuela durante todo el mes, y tenemos hasta el 31 de octubre para continuar con las celebraciones. Todav\u00eda hay muchas cosas que hacer en un entorno formal, por lo que estamos realizando eventos todos los d\u00edas de esta semana que est\u00e1n relacionados con el 110\u00b0 aniversario&#8221;, explic\u00f3.<\/p>\n<p class=\"x_MsoNormal\">APOYO MUNICIPAL<\/p>\n<p class=\"x_MsoNormal\">La Municipalidad ha mostrado su apoyo a las celebraciones de la escuela. &#8220;Las actividades para el aniversario de la Escuela &#8216;G\u00fcemes de Tejada&#8217; fueron declaradas de Inter\u00e9s Municipal, por el Honorable Concejo Deliberante.\u201d<\/p>\n<p class=\"x_MsoNormal\">\u201cAgradezco a los concejales Sebasti\u00e1n Mazzaro y Oscar Ferrero, por la entrega de la copia de la referida Resoluci\u00f3n, a la Secretaria de Educaci\u00f3n Dra. Sonia Espina, quien represent\u00f3 al Intendente Municipal. Estamos agradecidos a la Dra. Espina porque siempre est\u00e1 colaborando con la Escuela G\u00fcemes y responde a nuestras solicitudes&#8221;, dijo Alicia Ben\u00edtez.<\/p>\n<p class=\"x_MsoNormal\">\u201cEl Colegio est\u00e1 comprometido con la educaci\u00f3n integral de los estudiantes, apoy\u00e1ndolos tanto en sus actividades acad\u00e9micas como deportivas, sociales y culturales.\u201d Indic\u00f3 la docente.<\/p>\n<p class=\"x_MsoNormal\">SENTIDO DE PERTENENCIA<\/p>\n<p class=\"x_MsoNormal\">La directora hizo hincapi\u00e9 en la dedicaci\u00f3n del personal docente para fomentar un fuerte sentido de pertenencia entre los estudiantes, en ese sentido se\u00f1al\u00f3 que la escuela fue elogiada por tener una importante participaci\u00f3n de los profesores en la &#8220;Estudiantina&#8221; de este a\u00f1o: &#8220;Nos felicitaron porque fuimos la \u00fanica escuela que tuvo mucho apoyo de sus profesores&#8221;, dijo, y a\u00f1adi\u00f3 que existe una relaci\u00f3n estrecha y abierta con los estudiantes, &#8220;es como si fu\u00e9ramos parte de sus familias, y si los estudiantes no estuvieran all\u00ed, nosotros tampoco tendr\u00edamos un lugar en la escuela&#8221;, afirm\u00f3 finalmente la rectora profesora Alicia Ben\u00edtez<\/p>\n","protected":false},"excerpt":{"rendered":"<p>El Colegio Secundario &#8220;Magdalena G\u00fcemes de Tejada&#8221; celebr\u00f3 recientemente su 110\u00b0 aniversario con una serie de actividades conmemorativas centradas en el viernes 17 de octubre.\u00a0 La programaci\u00f3n de eventos continuar\u00e1 hasta fin de mes. La ceremonia formal incluy\u00f3 la presentaci\u00f3n de la Banda Militar &#8220;Puerto Argentino&#8221; y cont\u00f3 con la presencia de representantes de la [&hellip;]<\/p>\n","protected":false},"author":2,"featured_media":2192,"comment_status":"open","ping_status":"open","sticky":false,"template":"","format":"standard","meta":{"footnotes":""},"categories":[78],"tags":[],"class_list":{"0":"post-2190","1":"post","2":"type-post","3":"status-publish","4":"format-standard","5":"has-post-thumbnail","7":"category-generales"},"_links":{"self":[{"href":"https:\/\/elpueblonoticia.com.ar\/web\/wp-json\/wp\/v2\/posts\/2190","targetHints":{"allow":["GET"]}}],"collection":[{"href":"https:\/\/elpueblonoticia.com.ar\/web\/wp-json\/wp\/v2\/posts"}],"about":[{"href":"https:\/\/elpueblonoticia.com.ar\/web\/wp-json\/wp\/v2\/types\/post"}],"author":[{"embeddable":true,"href":"https:\/\/elpueblonoticia.com.ar\/web\/wp-json\/wp\/v2\/users\/2"}],"replies":[{"embeddable":true,"href":"https:\/\/elpueblonoticia.com.ar\/web\/wp-json\/wp\/v2\/comments?post=2190"}],"version-history":[{"count":0,"href":"https:\/\/elpueblonoticia.com.ar\/web\/wp-json\/wp\/v2\/posts\/2190\/revisions"}],"wp:featuredmedia":[{"embeddable":true,"href":"https:\/\/elpueblonoticia.com.ar\/web\/wp-json\/wp\/v2\/media\/2192"}],"wp:attachment":[{"href":"https:\/\/elpueblonoticia.com.ar\/web\/wp-json\/wp\/v2\/media?parent=2190"}],"wp:term":[{"taxonomy":"category","embeddable":true,"href":"https:\/\/elpueblonoticia.com.ar\/web\/wp-json\/wp\/v2\/categories?post=2190"},{"taxonomy":"post_tag","embeddable":true,"href":"https:\/\/elpueblonoticia.com.ar\/web\/wp-json\/wp\/v2\/tags?post=2190"}],"curies":[{"name":"wp","href":"https:\/\/api.w.org\/{rel}","templated":true}]}}