{"id":2182,"date":"2025-10-21T08:22:15","date_gmt":"2025-10-21T11:22:15","guid":{"rendered":"https:\/\/elpueblonoticia.com.ar\/web\/?p=2182"},"modified":"2025-10-21T08:22:15","modified_gmt":"2025-10-21T11:22:15","slug":"acreditacion-de-prensa-se-abre-el-periodo-de-acreditaciones-para-5a-festival-del-asado-criollo-de-goya","status":"publish","type":"post","link":"https:\/\/elpueblonoticia.com.ar\/web\/2025\/10\/21\/acreditacion-de-prensa-se-abre-el-periodo-de-acreditaciones-para-5a-festival-del-asado-criollo-de-goya\/","title":{"rendered":"Acreditaci\u00f3n de Prensa:  SE ABRE EL PERIODO DE ACREDITACIONES PARA 5\u00aa FESTIVAL DEL ASADO CRIOLLO DE GOYA"},"content":{"rendered":"<p class=\"x_MsoNormal\" data-olk-copy-source=\"MessageBody\">La organizaci\u00f3n de la 5\u00aa Edici\u00f3n de la Fiesta del Asado Criollo y Concurso de Asadores, evento tur\u00edstico gastron\u00f3mico y cultural, a llevarse a cabo del 7 al 9 de noviembre de 2025 en predio Costa Surub\u00ed, comunica que se encuentra abierto el periodo de acreditaci\u00f3n para los Medios de Prensa interesados en realizar la cobertura del evento.<\/p>\n<p class=\"x_MsoNormal\" aria-hidden=\"true\">\n<p class=\"x_MsoNormal\">Los interesados tendr\u00e1n tiempo de remitir la solicitud, sin excepci\u00f3n alguna hasta el viernes 31 de octubre inclusive.<\/p>\n<p class=\"x_MsoNormal\">Es obligatorio cumplir con los requisitos en tiempo y forma, caso contrario no se acreditar\u00e1 posterior a esa fecha. En la nota remitida a\u00a0<a title=\"mailto:asadocriollogoya@gmail.com\" href=\"mailto:asadocriollogoya@gmail.com\" data-linkindex=\"0\">asadocriollogoya@gmail.com<\/a><\/p>\n<p class=\"x_MsoNormal\">Debe ir incluido: datos de las personas a acreditar (Nombre y Apellido, DNI, N\u00famero de Celular, nombre del Medio y funci\u00f3n). Solo se anotar\u00e1n dos (2) personas por Medio.<\/p>\n","protected":false},"excerpt":{"rendered":"<p>La organizaci\u00f3n de la 5\u00aa Edici\u00f3n de la Fiesta del Asado Criollo y Concurso de Asadores, evento tur\u00edstico gastron\u00f3mico y cultural, a llevarse a cabo del 7 al 9 de noviembre de 2025 en predio Costa Surub\u00ed, comunica que se encuentra abierto el periodo de acreditaci\u00f3n para los Medios de Prensa interesados en realizar la [&hellip;]<\/p>\n","protected":false},"author":2,"featured_media":2183,"comment_status":"open","ping_status":"open","sticky":false,"template":"","format":"standard","meta":{"footnotes":""},"categories":[56],"tags":[],"class_list":{"0":"post-2182","1":"post","2":"type-post","3":"status-publish","4":"format-standard","5":"has-post-thumbnail","7":"category-locales"},"_links":{"self":[{"href":"https:\/\/elpueblonoticia.com.ar\/web\/wp-json\/wp\/v2\/posts\/2182","targetHints":{"allow":["GET"]}}],"collection":[{"href":"https:\/\/elpueblonoticia.com.ar\/web\/wp-json\/wp\/v2\/posts"}],"about":[{"href":"https:\/\/elpueblonoticia.com.ar\/web\/wp-json\/wp\/v2\/types\/post"}],"author":[{"embeddable":true,"href":"https:\/\/elpueblonoticia.com.ar\/web\/wp-json\/wp\/v2\/users\/2"}],"replies":[{"embeddable":true,"href":"https:\/\/elpueblonoticia.com.ar\/web\/wp-json\/wp\/v2\/comments?post=2182"}],"version-history":[{"count":0,"href":"https:\/\/elpueblonoticia.com.ar\/web\/wp-json\/wp\/v2\/posts\/2182\/revisions"}],"wp:featuredmedia":[{"embeddable":true,"href":"https:\/\/elpueblonoticia.com.ar\/web\/wp-json\/wp\/v2\/media\/2183"}],"wp:attachment":[{"href":"https:\/\/elpueblonoticia.com.ar\/web\/wp-json\/wp\/v2\/media?parent=2182"}],"wp:term":[{"taxonomy":"category","embeddable":true,"href":"https:\/\/elpueblonoticia.com.ar\/web\/wp-json\/wp\/v2\/categories?post=2182"},{"taxonomy":"post_tag","embeddable":true,"href":"https:\/\/elpueblonoticia.com.ar\/web\/wp-json\/wp\/v2\/tags?post=2182"}],"curies":[{"name":"wp","href":"https:\/\/api.w.org\/{rel}","templated":true}]}}