{"id":2172,"date":"2025-10-21T08:01:03","date_gmt":"2025-10-21T11:01:03","guid":{"rendered":"https:\/\/elpueblonoticia.com.ar\/web\/?p=2172"},"modified":"2025-10-21T08:01:03","modified_gmt":"2025-10-21T11:01:03","slug":"direccion-de-fortalecimiento-familiar-encuentro-amistoso-de-ajedrez-en-el-centro-jubipen-goya","status":"publish","type":"post","link":"https:\/\/elpueblonoticia.com.ar\/web\/2025\/10\/21\/direccion-de-fortalecimiento-familiar-encuentro-amistoso-de-ajedrez-en-el-centro-jubipen-goya\/","title":{"rendered":"Direcci\u00f3n de Fortalecimiento Familiar:  ENCUENTRO AMISTOSO DE AJEDREZ EN EL CENTRO JUBIPEN GOYA"},"content":{"rendered":"<p data-olk-copy-source=\"MessageBody\"><img loading=\"lazy\" decoding=\"async\" class=\"alignnone size-medium wp-image-2174\" src=\"https:\/\/elpueblonoticia.com.ar\/web\/wp-content\/uploads\/2025\/10\/ENCUENTRO-AMISTOSO-DE-AJEDREZ-EN-EL-CENTRO-JUBIPEN-GOYA1-169x300.jpg\" alt=\"\" width=\"169\" height=\"300\" srcset=\"https:\/\/elpueblonoticia.com.ar\/web\/wp-content\/uploads\/2025\/10\/ENCUENTRO-AMISTOSO-DE-AJEDREZ-EN-EL-CENTRO-JUBIPEN-GOYA1-169x300.jpg 169w, https:\/\/elpueblonoticia.com.ar\/web\/wp-content\/uploads\/2025\/10\/ENCUENTRO-AMISTOSO-DE-AJEDREZ-EN-EL-CENTRO-JUBIPEN-GOYA1-576x1024.jpg 576w, https:\/\/elpueblonoticia.com.ar\/web\/wp-content\/uploads\/2025\/10\/ENCUENTRO-AMISTOSO-DE-AJEDREZ-EN-EL-CENTRO-JUBIPEN-GOYA1-236x420.jpg 236w, https:\/\/elpueblonoticia.com.ar\/web\/wp-content\/uploads\/2025\/10\/ENCUENTRO-AMISTOSO-DE-AJEDREZ-EN-EL-CENTRO-JUBIPEN-GOYA1-696x1237.jpg 696w, https:\/\/elpueblonoticia.com.ar\/web\/wp-content\/uploads\/2025\/10\/ENCUENTRO-AMISTOSO-DE-AJEDREZ-EN-EL-CENTRO-JUBIPEN-GOYA1.jpg 720w\" sizes=\"auto, (max-width: 169px) 100vw, 169px\" \/><\/p>\n<p class=\"x_MsoNormal\" data-olk-copy-source=\"MessageBody\">D\u00edas atr\u00e1s, se llev\u00f3 a cabo el primer encuentro amistoso de ajedrez, en el centro JUBIPEN Goya. Fue organizado por el instructor en ajedrez, Mart\u00edn G\u00f3mez, y Jos\u00e9 Ram\u00edrez personal dependientes de la oficina de Fortalecimiento Familiar, los adultos aprendices tuvieron su primera competencia en dicha disciplina. El Primer puesto fue para Vernaz Miguel, el segundo puesto para Julieta Gonz\u00e1lez.<\/p>\n<p class=\"x_MsoNormal\" aria-hidden=\"true\">\n<p class=\"x_MsoNormal\">Luego de la competencia, se comparti\u00f3 una cena de compa\u00f1erismo, momentos propiciados para acompa\u00f1ar y establecer v\u00ednculos cercanos a las personas adultas.<\/p>\n","protected":false},"excerpt":{"rendered":"<p>D\u00edas atr\u00e1s, se llev\u00f3 a cabo el primer encuentro amistoso de ajedrez, en el centro JUBIPEN Goya. Fue organizado por el instructor en ajedrez, Mart\u00edn G\u00f3mez, y Jos\u00e9 Ram\u00edrez personal dependientes de la oficina de Fortalecimiento Familiar, los adultos aprendices tuvieron su primera competencia en dicha disciplina. El Primer puesto fue para Vernaz Miguel, el [&hellip;]<\/p>\n","protected":false},"author":2,"featured_media":2173,"comment_status":"open","ping_status":"open","sticky":false,"template":"","format":"standard","meta":{"footnotes":""},"categories":[56],"tags":[],"class_list":{"0":"post-2172","1":"post","2":"type-post","3":"status-publish","4":"format-standard","5":"has-post-thumbnail","7":"category-locales"},"_links":{"self":[{"href":"https:\/\/elpueblonoticia.com.ar\/web\/wp-json\/wp\/v2\/posts\/2172","targetHints":{"allow":["GET"]}}],"collection":[{"href":"https:\/\/elpueblonoticia.com.ar\/web\/wp-json\/wp\/v2\/posts"}],"about":[{"href":"https:\/\/elpueblonoticia.com.ar\/web\/wp-json\/wp\/v2\/types\/post"}],"author":[{"embeddable":true,"href":"https:\/\/elpueblonoticia.com.ar\/web\/wp-json\/wp\/v2\/users\/2"}],"replies":[{"embeddable":true,"href":"https:\/\/elpueblonoticia.com.ar\/web\/wp-json\/wp\/v2\/comments?post=2172"}],"version-history":[{"count":0,"href":"https:\/\/elpueblonoticia.com.ar\/web\/wp-json\/wp\/v2\/posts\/2172\/revisions"}],"wp:featuredmedia":[{"embeddable":true,"href":"https:\/\/elpueblonoticia.com.ar\/web\/wp-json\/wp\/v2\/media\/2173"}],"wp:attachment":[{"href":"https:\/\/elpueblonoticia.com.ar\/web\/wp-json\/wp\/v2\/media?parent=2172"}],"wp:term":[{"taxonomy":"category","embeddable":true,"href":"https:\/\/elpueblonoticia.com.ar\/web\/wp-json\/wp\/v2\/categories?post=2172"},{"taxonomy":"post_tag","embeddable":true,"href":"https:\/\/elpueblonoticia.com.ar\/web\/wp-json\/wp\/v2\/tags?post=2172"}],"curies":[{"name":"wp","href":"https:\/\/api.w.org\/{rel}","templated":true}]}}