{"id":2168,"date":"2025-10-21T07:57:26","date_gmt":"2025-10-21T10:57:26","guid":{"rendered":"https:\/\/elpueblonoticia.com.ar\/web\/?p=2168"},"modified":"2025-10-21T07:57:26","modified_gmt":"2025-10-21T10:57:26","slug":"empleado-municipales-percibiran-el-miercoles-22-el-plus-de-refuerzo","status":"publish","type":"post","link":"https:\/\/elpueblonoticia.com.ar\/web\/2025\/10\/21\/empleado-municipales-percibiran-el-miercoles-22-el-plus-de-refuerzo\/","title":{"rendered":"EMPLEADO MUNICIPALES PERCIBIR\u00c1N EL MI\u00c9RCOLES 22 EL PLUS DE REFUERZO"},"content":{"rendered":"<p class=\"x_MsoNormal\" data-olk-copy-source=\"MessageBody\">El Intendente Mariano Hormaechea a trav\u00e9s de sus redes inform\u00f3 que el personal de Planta Permanente y Contratados dependiente del Municipio, percibir\u00e1 el plus de refuerzo de 200 Mil Pesos, el mi\u00e9rcoles 22 de octubre.<\/p>\n<p class=\"x_MsoNormal\" aria-hidden=\"true\">\n<p class=\"x_MsoNormal\">El Mandatario Local, en sus redes inform\u00f3: \u201cComunicamos que el mi\u00e9rcoles 22, se abonar\u00e1 el plus de refuerzo ($200.000) al personal de planta permanente y contratados por los medios habituales de pago.\u201d<\/p>\n<p class=\"x_MsoNormal\" aria-hidden=\"true\">\n","protected":false},"excerpt":{"rendered":"<p>El Intendente Mariano Hormaechea a trav\u00e9s de sus redes inform\u00f3 que el personal de Planta Permanente y Contratados dependiente del Municipio, percibir\u00e1 el plus de refuerzo de 200 Mil Pesos, el mi\u00e9rcoles 22 de octubre. El Mandatario Local, en sus redes inform\u00f3: \u201cComunicamos que el mi\u00e9rcoles 22, se abonar\u00e1 el plus de refuerzo ($200.000) al [&hellip;]<\/p>\n","protected":false},"author":2,"featured_media":2169,"comment_status":"open","ping_status":"open","sticky":false,"template":"","format":"standard","meta":{"footnotes":""},"categories":[56],"tags":[],"class_list":{"0":"post-2168","1":"post","2":"type-post","3":"status-publish","4":"format-standard","5":"has-post-thumbnail","7":"category-locales"},"_links":{"self":[{"href":"https:\/\/elpueblonoticia.com.ar\/web\/wp-json\/wp\/v2\/posts\/2168","targetHints":{"allow":["GET"]}}],"collection":[{"href":"https:\/\/elpueblonoticia.com.ar\/web\/wp-json\/wp\/v2\/posts"}],"about":[{"href":"https:\/\/elpueblonoticia.com.ar\/web\/wp-json\/wp\/v2\/types\/post"}],"author":[{"embeddable":true,"href":"https:\/\/elpueblonoticia.com.ar\/web\/wp-json\/wp\/v2\/users\/2"}],"replies":[{"embeddable":true,"href":"https:\/\/elpueblonoticia.com.ar\/web\/wp-json\/wp\/v2\/comments?post=2168"}],"version-history":[{"count":0,"href":"https:\/\/elpueblonoticia.com.ar\/web\/wp-json\/wp\/v2\/posts\/2168\/revisions"}],"wp:featuredmedia":[{"embeddable":true,"href":"https:\/\/elpueblonoticia.com.ar\/web\/wp-json\/wp\/v2\/media\/2169"}],"wp:attachment":[{"href":"https:\/\/elpueblonoticia.com.ar\/web\/wp-json\/wp\/v2\/media?parent=2168"}],"wp:term":[{"taxonomy":"category","embeddable":true,"href":"https:\/\/elpueblonoticia.com.ar\/web\/wp-json\/wp\/v2\/categories?post=2168"},{"taxonomy":"post_tag","embeddable":true,"href":"https:\/\/elpueblonoticia.com.ar\/web\/wp-json\/wp\/v2\/tags?post=2168"}],"curies":[{"name":"wp","href":"https:\/\/api.w.org\/{rel}","templated":true}]}}