{"id":2157,"date":"2025-10-21T07:46:07","date_gmt":"2025-10-21T10:46:07","guid":{"rendered":"https:\/\/elpueblonoticia.com.ar\/web\/?p=2157"},"modified":"2025-10-21T07:46:07","modified_gmt":"2025-10-21T10:46:07","slug":"dio-inicio-somos-arte-muestra-anual-del-instituto-santa-teresa-de-jesus","status":"publish","type":"post","link":"https:\/\/elpueblonoticia.com.ar\/web\/2025\/10\/21\/dio-inicio-somos-arte-muestra-anual-del-instituto-santa-teresa-de-jesus\/","title":{"rendered":"DIO INICIO \u201cSOMOS ARTE\u201d, MUESTRA ANUAL DEL INSTITUTO SANTA TERESA DE JES\u00daS"},"content":{"rendered":"<p data-olk-copy-source=\"MessageBody\"><img loading=\"lazy\" decoding=\"async\" class=\"alignnone size-medium wp-image-2159\" src=\"https:\/\/elpueblonoticia.com.ar\/web\/wp-content\/uploads\/2025\/10\/DIO-INICIO-SOMOS-ARTE-2-300x200.jpg\" alt=\"\" width=\"300\" height=\"200\" srcset=\"https:\/\/elpueblonoticia.com.ar\/web\/wp-content\/uploads\/2025\/10\/DIO-INICIO-SOMOS-ARTE-2-300x200.jpg 300w, https:\/\/elpueblonoticia.com.ar\/web\/wp-content\/uploads\/2025\/10\/DIO-INICIO-SOMOS-ARTE-2-1024x682.jpg 1024w, https:\/\/elpueblonoticia.com.ar\/web\/wp-content\/uploads\/2025\/10\/DIO-INICIO-SOMOS-ARTE-2-768x512.jpg 768w, https:\/\/elpueblonoticia.com.ar\/web\/wp-content\/uploads\/2025\/10\/DIO-INICIO-SOMOS-ARTE-2-1536x1023.jpg 1536w, https:\/\/elpueblonoticia.com.ar\/web\/wp-content\/uploads\/2025\/10\/DIO-INICIO-SOMOS-ARTE-2-630x420.jpg 630w, https:\/\/elpueblonoticia.com.ar\/web\/wp-content\/uploads\/2025\/10\/DIO-INICIO-SOMOS-ARTE-2-696x464.jpg 696w, https:\/\/elpueblonoticia.com.ar\/web\/wp-content\/uploads\/2025\/10\/DIO-INICIO-SOMOS-ARTE-2-1068x712.jpg 1068w, https:\/\/elpueblonoticia.com.ar\/web\/wp-content\/uploads\/2025\/10\/DIO-INICIO-SOMOS-ARTE-2.jpg 1600w\" sizes=\"auto, (max-width: 300px) 100vw, 300px\" \/><img loading=\"lazy\" decoding=\"async\" class=\"alignnone size-medium wp-image-2160\" src=\"https:\/\/elpueblonoticia.com.ar\/web\/wp-content\/uploads\/2025\/10\/DIO-INICIO-SOMOS-ARTE-3-300x200.jpg\" alt=\"\" width=\"300\" height=\"200\" srcset=\"https:\/\/elpueblonoticia.com.ar\/web\/wp-content\/uploads\/2025\/10\/DIO-INICIO-SOMOS-ARTE-3-300x200.jpg 300w, https:\/\/elpueblonoticia.com.ar\/web\/wp-content\/uploads\/2025\/10\/DIO-INICIO-SOMOS-ARTE-3-1024x682.jpg 1024w, https:\/\/elpueblonoticia.com.ar\/web\/wp-content\/uploads\/2025\/10\/DIO-INICIO-SOMOS-ARTE-3-768x512.jpg 768w, https:\/\/elpueblonoticia.com.ar\/web\/wp-content\/uploads\/2025\/10\/DIO-INICIO-SOMOS-ARTE-3-1536x1023.jpg 1536w, https:\/\/elpueblonoticia.com.ar\/web\/wp-content\/uploads\/2025\/10\/DIO-INICIO-SOMOS-ARTE-3-630x420.jpg 630w, https:\/\/elpueblonoticia.com.ar\/web\/wp-content\/uploads\/2025\/10\/DIO-INICIO-SOMOS-ARTE-3-696x464.jpg 696w, https:\/\/elpueblonoticia.com.ar\/web\/wp-content\/uploads\/2025\/10\/DIO-INICIO-SOMOS-ARTE-3-1068x712.jpg 1068w, https:\/\/elpueblonoticia.com.ar\/web\/wp-content\/uploads\/2025\/10\/DIO-INICIO-SOMOS-ARTE-3.jpg 1600w\" sizes=\"auto, (max-width: 300px) 100vw, 300px\" \/><img loading=\"lazy\" decoding=\"async\" class=\"alignnone size-medium wp-image-2161\" src=\"https:\/\/elpueblonoticia.com.ar\/web\/wp-content\/uploads\/2025\/10\/DIO-INICIO-SOMOS-ARTE-4-300x200.jpg\" alt=\"\" width=\"300\" height=\"200\" srcset=\"https:\/\/elpueblonoticia.com.ar\/web\/wp-content\/uploads\/2025\/10\/DIO-INICIO-SOMOS-ARTE-4-300x200.jpg 300w, https:\/\/elpueblonoticia.com.ar\/web\/wp-content\/uploads\/2025\/10\/DIO-INICIO-SOMOS-ARTE-4-1024x682.jpg 1024w, https:\/\/elpueblonoticia.com.ar\/web\/wp-content\/uploads\/2025\/10\/DIO-INICIO-SOMOS-ARTE-4-768x512.jpg 768w, https:\/\/elpueblonoticia.com.ar\/web\/wp-content\/uploads\/2025\/10\/DIO-INICIO-SOMOS-ARTE-4-1536x1023.jpg 1536w, https:\/\/elpueblonoticia.com.ar\/web\/wp-content\/uploads\/2025\/10\/DIO-INICIO-SOMOS-ARTE-4-630x420.jpg 630w, https:\/\/elpueblonoticia.com.ar\/web\/wp-content\/uploads\/2025\/10\/DIO-INICIO-SOMOS-ARTE-4-696x464.jpg 696w, https:\/\/elpueblonoticia.com.ar\/web\/wp-content\/uploads\/2025\/10\/DIO-INICIO-SOMOS-ARTE-4-1068x712.jpg 1068w, https:\/\/elpueblonoticia.com.ar\/web\/wp-content\/uploads\/2025\/10\/DIO-INICIO-SOMOS-ARTE-4.jpg 1600w\" sizes=\"auto, (max-width: 300px) 100vw, 300px\" \/><\/p>\n<p class=\"x_MsoNormal\" data-olk-copy-source=\"MessageBody\">En un marco de la Semana de las Artes, este lunes 20 dio inicio la Muestra Anual del Instituto Santa Teresa de Jes\u00fas: \u201cSomos Artes\u201d. Alumnos y docente se congregaron en plaza Mitre para empezar a desandar el camino de los colores, la danza, m\u00fasica, gr\u00e1fica y artes esc\u00e9nicas, finalizando el viernes 24 con un \u201cCaf\u00e9 Concert\u201d en Santa Teresa.<\/p>\n<p class=\"x_MsoNormal\">\n<p class=\"x_MsoNormal\">Es un proyecto de la instituci\u00f3n impulsado desde el \u00e1rea de la Coordinaci\u00f3n Art\u00edstica, junto a las otras \u00e1reas del colegio. Somos Arte es un programa que se relaciona a la identidad de la diversidad de los talleres art\u00edsticos, en una mirada de educaci\u00f3n integral, poniendo el centro en el ser humano, en la persona.<\/p>\n<p class=\"x_MsoNormal\">\n<p class=\"x_MsoNormal\">RECTOR INSAURRALDE TAJ\u00c1N<\/p>\n<p class=\"x_MsoNormal\">El rector del Instituto Santa Teresa de Goya, Sergio Daniel Insaurralde Taj\u00e1n fue el encargado de abrir la Muestra que tuvo lugar la ma\u00f1ana de este lunes en Plaza Mitre.<\/p>\n<p class=\"x_MsoNormal\">\u201cCelebramos la vida que se hace expresi\u00f3n, color y movimiento. Somos Arte nace como una propuesta pedag\u00f3gica que invita a reconocer en cada estudiante la huella creadora de Dios, el gran artesano, que nos modela con amor y nos hace \u00fanicos e irrepetibles. Durante esta semana se transforma en un gran taller donde la creatividad florece, a trav\u00e9s de la pl\u00e1stica, el teatro, la danza, las artesan\u00edas manuales, la m\u00fasica, la fotograf\u00eda y otras tantas expresiones. Los alumnos comparten su manera de mirar el mundo, de emocionarse, de comunicar y transformar la realidad\u201d dijo a los presentes entre quienes estaban padres de alumnos y p\u00fablico ocasional.<\/p>\n<p class=\"x_MsoNormal\">\u201cEl arte como lenguaje universal nos ense\u00f1a a sentir, pensar y actuar con sensibilidad y compromiso. Educar desde el arte es educar en la belleza, en el valor de la expresi\u00f3n personal y en la b\u00fasqueda de sentido. Es descubrir que cada creaci\u00f3n refleja una historia, una vivencia y una esperanza. Somos Arte es m\u00e1s que una muestra, es una experiencia de encuentro, celebraci\u00f3n y aprendizaje, una oportunidad para reconocer que, en cada obra, en cada gesto, en cada mirada se devela la maravilla de ser persona para amar y creer. De este modo inauguramos oficialmente la Semana de las Artes. Sean todos muy bienvenidos a celebrar y disfrutar en comunidad\u201d cerr\u00f3 el docente.<\/p>\n<p class=\"x_MsoNormal\">PROGRAMA<\/p>\n<p class=\"x_MsoNormal\">Posteriormente se dio paso a un desfile multicolor, sucedi\u00e9ndose muestras de teatro, arte visual, fotograf\u00eda, m\u00fasica y canto. El alumnado dio un abrazo simb\u00f3lico a la Plaza Mitre junto al paso de una murga de colores que, sumado a un d\u00eda espectacular lleno de sol y buen clima, conspiraron para una jornada memorable.<\/p>\n<p class=\"x_MsoNormal\">El d\u00eda martes se espera una jornada destinada al dise\u00f1o visual con fotograf\u00edas, pl\u00e1stico visual. Esta parte ser\u00e1 expuesta en diferentes lugares de la instituci\u00f3n, para que el alumnado pueda recorrer y explorar esos trabajos.<\/p>\n<p class=\"x_MsoNormal\">El cierre de \u201cSomos Arte\u201d est\u00e1 programado para el viernes 24, abierto a la comunidad, desde las 21 horas, con una entrada fijada en un valor de 3.000 pesos, en un Caf\u00e9 Concert con un espect\u00e1culo donde se combina m\u00fasica, danza y teatro. El evento contar\u00e1 con servicio de cantina y buffet.<\/p>\n<p class=\"x_MsoNormal\" aria-hidden=\"true\">\n","protected":false},"excerpt":{"rendered":"<p>En un marco de la Semana de las Artes, este lunes 20 dio inicio la Muestra Anual del Instituto Santa Teresa de Jes\u00fas: \u201cSomos Artes\u201d. Alumnos y docente se congregaron en plaza Mitre para empezar a desandar el camino de los colores, la danza, m\u00fasica, gr\u00e1fica y artes esc\u00e9nicas, finalizando el viernes 24 con un [&hellip;]<\/p>\n","protected":false},"author":2,"featured_media":2158,"comment_status":"open","ping_status":"open","sticky":false,"template":"","format":"standard","meta":{"footnotes":""},"categories":[56],"tags":[],"class_list":{"0":"post-2157","1":"post","2":"type-post","3":"status-publish","4":"format-standard","5":"has-post-thumbnail","7":"category-locales"},"_links":{"self":[{"href":"https:\/\/elpueblonoticia.com.ar\/web\/wp-json\/wp\/v2\/posts\/2157","targetHints":{"allow":["GET"]}}],"collection":[{"href":"https:\/\/elpueblonoticia.com.ar\/web\/wp-json\/wp\/v2\/posts"}],"about":[{"href":"https:\/\/elpueblonoticia.com.ar\/web\/wp-json\/wp\/v2\/types\/post"}],"author":[{"embeddable":true,"href":"https:\/\/elpueblonoticia.com.ar\/web\/wp-json\/wp\/v2\/users\/2"}],"replies":[{"embeddable":true,"href":"https:\/\/elpueblonoticia.com.ar\/web\/wp-json\/wp\/v2\/comments?post=2157"}],"version-history":[{"count":0,"href":"https:\/\/elpueblonoticia.com.ar\/web\/wp-json\/wp\/v2\/posts\/2157\/revisions"}],"wp:featuredmedia":[{"embeddable":true,"href":"https:\/\/elpueblonoticia.com.ar\/web\/wp-json\/wp\/v2\/media\/2158"}],"wp:attachment":[{"href":"https:\/\/elpueblonoticia.com.ar\/web\/wp-json\/wp\/v2\/media?parent=2157"}],"wp:term":[{"taxonomy":"category","embeddable":true,"href":"https:\/\/elpueblonoticia.com.ar\/web\/wp-json\/wp\/v2\/categories?post=2157"},{"taxonomy":"post_tag","embeddable":true,"href":"https:\/\/elpueblonoticia.com.ar\/web\/wp-json\/wp\/v2\/tags?post=2157"}],"curies":[{"name":"wp","href":"https:\/\/api.w.org\/{rel}","templated":true}]}}