{"id":2152,"date":"2025-10-20T12:42:51","date_gmt":"2025-10-20T15:42:51","guid":{"rendered":"https:\/\/elpueblonoticia.com.ar\/web\/?p=2152"},"modified":"2025-10-20T12:42:51","modified_gmt":"2025-10-20T15:42:51","slug":"canecin-destaco-el-valor-de-las-madres-para-sus-hijos","status":"publish","type":"post","link":"https:\/\/elpueblonoticia.com.ar\/web\/2025\/10\/20\/canecin-destaco-el-valor-de-las-madres-para-sus-hijos\/","title":{"rendered":"Canec\u00edn destac\u00f3 el valor de las madres para sus hijos"},"content":{"rendered":"<p>El obispo de Goya reflexion\u00f3 sobre el cuidado de la vida en este tiempo.<\/p>\n<p>El obispo de la Di\u00f3cesis de Goya, Adolfo Canec\u00edn, envi\u00f3 un mensaje a todas las madres al celebrar este domingo 19 de octubre.<\/p>\n<p>En sus p\u00e1rrafos destac\u00f3 el valor que tienen las madres en la vida de sus hijos, y agradeci\u00f3 a Dios por tan grande don. En este contexto, el prelado imparti\u00f3 su bendici\u00f3n para todas las madres que ayer estuvieron celebrando su d\u00eda. &#8220;Por intercesi\u00f3n de Mar\u00eda, la madre de Jes\u00fas, y que \u00e9l nos entreg\u00f3 como madre&#8221;, dijo.<\/p>\n<p>Es as\u00ed que en esta emotiva fecha para la comunidad correntina, al celebrar el obispo envi\u00f3 un audio mensaje a las madres de la di\u00f3cesis goyana, a trav\u00e9s de la oficina de prensa del Obispado.<\/p>\n<p>En su alocuci\u00f3n expres\u00f3: &#8220;A todas las madres en este d\u00eda quiero expresarles mi cari\u00f1o, mi cercan\u00eda, mi filiaci\u00f3n, en nombre propio y de todos los hijos&#8221; expres\u00f3.<\/p>\n<p>En esa l\u00ednea, afirm\u00f3: &#8220;Desde mis andanzas pastorales en esta geograf\u00eda diocesana, de esta Di\u00f3cesis de Goya, que es tan amplia, hoy saludo a todas y cada una de ustedes&#8221;.<\/p>\n<p>Por otro lado, agreg\u00f3: &#8220;Saludo a todas, sean cuales fueren las circunstancias en que ustedes, queridas madres, se encuentren&#8221;.<\/p>\n<p>&#8220;En mi madre Carmen Irene, que vivi\u00f3 su pascua, quiero recordar a todas las madres que se adelantaron a la casa del Padre&#8221;, exclam\u00f3 recordando su experiencia personal.<\/p>\n<p>En ese orden, a\u00f1adi\u00f3: &#8220;Rezo por cada una de las madres en las distintas situaciones en las cual se puedan encontrar&#8221;<\/p>\n<p>Asimismo, invit\u00f3 a recordar interiormente a aquellas madres, abuelas y bisabuelas &#8220;que han partido ya a la casa del Padre&#8221;.<\/p>\n<p>Con un profundo sentido espiritual, \u00e9tico y humano, el religioso reflexion\u00f3 sobre el cuidado de la vida, en medio de esta cultura &#8220;que no valora como en otros momentos el don de la vida&#8221;.<\/p>\n<p>Continuando con ese tema, record\u00f3 &#8220;que la vida es un don de Dios&#8221;, y se dirigi\u00f3 a las madres haciendo un llamado: &#8220;Ustedes se vuelven madres custodias de la vida&#8221;, y en esa l\u00ednea pidi\u00f3 asumir la responsabilidad de &#8220;cuidar, proteger y promover la vida en todas sus formas y etapas, desde su inicio hasta su fin natural&#8221;. &#8220;Que contagien el valor de la maternidad para que se pueda generar una cultura que propicie la vida&#8221;, subray\u00f3.<\/p>\n<p>De esta manera, destac\u00f3 la importancia de la maternidad animando a &#8220;aquellas personas que tengan la vocaci\u00f3n para que puedan abrirse seg\u00fan la voluntad de Dios, con generosidad al don de la vida&#8221;.<\/p>\n<p>Por \u00faltimo, en su mensaje hizo llegar su bendici\u00f3n: &#8220;Por intercesi\u00f3n de Mar\u00eda, la madre de Jes\u00fas y que \u00e9l nos entreg\u00f3 como Madre. Recen por m\u00ed, intercedan por mi vida y por mi ministerio&#8221;, expres\u00f3. S<\/p>\n","protected":false},"excerpt":{"rendered":"<p>El obispo de Goya reflexion\u00f3 sobre el cuidado de la vida en este tiempo. El obispo de la Di\u00f3cesis de Goya, Adolfo Canec\u00edn, envi\u00f3 un mensaje a todas las madres al celebrar este domingo 19 de octubre. En sus p\u00e1rrafos destac\u00f3 el valor que tienen las madres en la vida de sus hijos, y agradeci\u00f3 [&hellip;]<\/p>\n","protected":false},"author":2,"featured_media":2153,"comment_status":"open","ping_status":"open","sticky":false,"template":"","format":"standard","meta":{"footnotes":""},"categories":[78],"tags":[],"class_list":{"0":"post-2152","1":"post","2":"type-post","3":"status-publish","4":"format-standard","5":"has-post-thumbnail","7":"category-generales"},"_links":{"self":[{"href":"https:\/\/elpueblonoticia.com.ar\/web\/wp-json\/wp\/v2\/posts\/2152","targetHints":{"allow":["GET"]}}],"collection":[{"href":"https:\/\/elpueblonoticia.com.ar\/web\/wp-json\/wp\/v2\/posts"}],"about":[{"href":"https:\/\/elpueblonoticia.com.ar\/web\/wp-json\/wp\/v2\/types\/post"}],"author":[{"embeddable":true,"href":"https:\/\/elpueblonoticia.com.ar\/web\/wp-json\/wp\/v2\/users\/2"}],"replies":[{"embeddable":true,"href":"https:\/\/elpueblonoticia.com.ar\/web\/wp-json\/wp\/v2\/comments?post=2152"}],"version-history":[{"count":0,"href":"https:\/\/elpueblonoticia.com.ar\/web\/wp-json\/wp\/v2\/posts\/2152\/revisions"}],"wp:featuredmedia":[{"embeddable":true,"href":"https:\/\/elpueblonoticia.com.ar\/web\/wp-json\/wp\/v2\/media\/2153"}],"wp:attachment":[{"href":"https:\/\/elpueblonoticia.com.ar\/web\/wp-json\/wp\/v2\/media?parent=2152"}],"wp:term":[{"taxonomy":"category","embeddable":true,"href":"https:\/\/elpueblonoticia.com.ar\/web\/wp-json\/wp\/v2\/categories?post=2152"},{"taxonomy":"post_tag","embeddable":true,"href":"https:\/\/elpueblonoticia.com.ar\/web\/wp-json\/wp\/v2\/tags?post=2152"}],"curies":[{"name":"wp","href":"https:\/\/api.w.org\/{rel}","templated":true}]}}