{"id":2148,"date":"2025-10-20T12:11:58","date_gmt":"2025-10-20T15:11:58","guid":{"rendered":"https:\/\/elpueblonoticia.com.ar\/web\/?p=2148"},"modified":"2025-10-20T12:11:58","modified_gmt":"2025-10-20T15:11:58","slug":"corrientes-abre-convocatoria-para-adoptar-a-marina-y-tomas-de-12-y-13-anos","status":"publish","type":"post","link":"https:\/\/elpueblonoticia.com.ar\/web\/2025\/10\/20\/corrientes-abre-convocatoria-para-adoptar-a-marina-y-tomas-de-12-y-13-anos\/","title":{"rendered":"Corrientes abre convocatoria para adoptar a &#8220;Marina&#8221; y &#8220;Tom\u00e1s&#8221;, de 12 y 13 a\u00f1os"},"content":{"rendered":"<p>El Juzgado de Curuz\u00fa Cuati\u00e1 y el RUA Corrientes invitan\u00a0 a personas de todo el pa\u00eds a postularse para brindarles un hogar.<\/p>\n<p>El <strong>Poder Judicial de Corrientes<\/strong>, a trav\u00e9s del\u00a0<strong>Juzgado de Familia, Ni\u00f1ez y Adolescencia\u00a0<\/strong>de\u00a0<strong>Curuz\u00fa Cuati\u00e1\u00a0<\/strong>y\u00a0<strong>el Registro \u00danico de Aspirantes a Guarda con Fines Adoptivos\u00a0<\/strong>(RUACtes), lanz\u00f3\u00a0<strong>dos convocatorias p\u00fablicas\u00a0<\/strong>para quienes deseen brindar un hogar a \u201c<strong>Marina<\/strong>\u201d, de\u00a0<strong>12 a\u00f1os<\/strong>, y \u201c<strong>Tom\u00e1s<\/strong>\u201d, de\u00a0<strong>13<\/strong>.\u00a0<strong>Ambos esperan\u00a0<\/strong>integrarse a\u00a0<strong>una familia\u00a0<\/strong>que los reciba con\u00a0<strong>afecto<\/strong>,\u00a0<strong>estabilidad\u00a0<\/strong>y\u00a0<strong>compromiso<\/strong>.<\/p>\n<div class=\"container-spot\" data-tipo=\"tipo_todo\" data-pos=\"NEW_P1_cuerpo\">\n<div id=\"pppSlot7\" class=\" lazyloaded\" data-gpt=\"\/22675780113\/nota\/new_p1_cuerpo\" data-size=\"[[728, 90]]\" data-gpt-mobile=\"\/22675780113\/nota\/new_p1_cuerpo\" data-size-mobile=\"[[320, 100],[300, 250],[300, 100],[300, 50]]\" data-expand=\"300\"><\/div>\n<\/div>\n<p>Para preservar su identidad de los menores, \u201cMarina\u201d y \u201cTom\u00e1s\u201d son nombres ficticios.<\/p>\n<p>Las\u00a0<strong>inscripciones\u00a0<\/strong>est\u00e1n\u00a0<strong>abiertas\u00a0<\/strong>a\u00a0<strong>personas o familias de todo el pa\u00eds<\/strong>, y pueden participar tanto\u00a0<strong>hogares monoparentales\u00a0<\/strong>como\u00a0<strong>biparentales<\/strong>,\u00a0<strong>con o sin hijos<\/strong>.<\/p>\n<div class=\"container-spot\" data-tipo=\"tipo_todo\" data-pos=\"NEW_P2_cuerpo\">\n<div id=\"pppSlot8\" class=\" lazyloaded\" data-gpt=\"\/22675780113\/nota\/new_p2_cuerpo\" data-size=\"[[728, 90]]\" data-gpt-mobile=\"\/22675780113\/nota\/new_p2_cuerpo\" data-size-mobile=\"[[320, 100],[320, 50],[300, 600],[300, 250],[300, 100],[300, 50]]\" data-expand=\"300\"><\/div>\n<\/div>\n<h2 class=\"h2\">\u201cMarina\u201d: una ni\u00f1a alegre, independiente y en busca de contenci\u00f3n<\/h2>\n<p>\u201cMarina\u201d cursa\u00a0<strong>sexto grado\u00a0<\/strong>con muy\u00a0<strong>buen desempe\u00f1o acad\u00e9mico<\/strong>. Es\u00a0<strong>responsable<\/strong>,\u00a0<strong>comunicativa\u00a0<\/strong>y mantiene\u00a0<strong>v\u00ednculos saludables\u00a0<\/strong>con sus\u00a0<strong>compa\u00f1eros\u00a0<\/strong>y\u00a0<strong>docentes<\/strong>. Sue\u00f1a con crecer en un hogar donde reciba acompa\u00f1amiento emocional y contenci\u00f3n.<\/p>\n<p>Desde el\u00a0<strong>Juzgado de Curuz\u00fa Cuati\u00e1 &#8211;<\/strong>a cargo de la\u00a0<strong>jueza Mar\u00eda Susana Galeano<\/strong>&#8211;\u00a0se destac\u00f3 que se busca una\u00a0<strong>familia\u00a0<\/strong>con\u00a0<strong>adultos emocionalmente disponibles<\/strong>, capaces de ofrecer\u00a0<strong>comprensi\u00f3n\u00a0<\/strong>y\u00a0<strong>estabilidad afectiva\u00a0<\/strong>para su\u00a0<strong>desarrollo integral<\/strong>.<\/p>\n<div class=\"container-spot\" data-tipo=\"tipo_todo\" data-pos=\"NEW_P3_cuerpo\">\n<div id=\"pppSlot9\" class=\" lazyloaded\" data-gpt=\"\/22675780113\/nota\/new_p3_cuerpo\" data-size=\"[[728, 90]]\" data-gpt-mobile=\"\/22675780113\/nota\/new_p3_cuerpo\" data-size-mobile=\"[[320, 100],[320, 50],[300, 250],[300, 100],[300, 50]]\" data-expand=\"300\"><\/div>\n<\/div>\n<h2 class=\"h2\">\u201cTom\u00e1s\u201d: un adolescente sereno que ama la naturaleza<\/h2>\n<p>Por su parte, \u201cTom\u00e1s\u201d, de 13 a\u00f1os, disfruta del\u00a0<strong>aire libre<\/strong>, los\u00a0<strong>animales\u00a0<\/strong>y los\u00a0<strong>viajes<\/strong>. Cursa\u00a0<strong>quinto grado\u00a0<\/strong>y es reconocido por su\u00a0<strong>respeto\u00a0<\/strong>y\u00a0<strong>madurez<\/strong>.<\/p>\n<p>Su deseo es integrarse a una familia &#8211;<strong>monoparental o biparental<\/strong>&#8211;\u00a0que viva en contacto con la naturaleza.\u00a0<strong>No tiene inconvenientes en trasladarse a otra provincia.<\/strong><\/p>\n<div class=\"container-spot\" data-tipo=\"tipo_todo\" data-pos=\"NEW_P4_cuerpo\">\n<div id=\"pppSlot10\" class=\" lazyloaded\" data-gpt=\"\/22675780113\/nota\/new_p4_cuerpo\" data-size=\"[[728, 90]]\" data-gpt-mobile=\"\/22675780113\/nota\/new_p4_cuerpo\" data-size-mobile=\"[[300, 600],[300, 250],[300, 100],[300, 50],[320, 100],[320, 50]]\" data-expand=\"300\"><\/div>\n<\/div>\n<h2 class=\"h2\">C\u00f3mo participar en la convocatoria<\/h2>\n<p>Quienes est\u00e9n\u00a0<strong>interesados\u00a0<\/strong>en postularse deben\u00a0<strong>descargar\u00a0<\/strong>y\u00a0<strong>completar\u00a0<\/strong>el\u00a0<strong>Formulario de Convocatorias P\u00fablicas\u00a0<\/strong>disponible en:\u00a0<a class=\"link\" href=\"https:\/\/www.juscorrientes.gov.ar\/wp-content\/uploads\/rua-ctes\/pdf\/2019\/Formulario-Adopcion.pdf\" target=\"_blank\" rel=\"noopener\">Formulario de Adopci\u00f3n RUACtes<\/a><\/p>\n<p>Luego, deben enviarlo por correo electr\u00f3nico al Juzgado de Familia, Ni\u00f1ez y Adolescencia de Curuz\u00fa Cuati\u00e1:\u00a0jmenyflia-curuzu@juscorrientes.gov.ar<\/p>\n<div class=\"container-spot\" data-tipo=\"tipo_todo\" data-pos=\"NEW_P5_cuerpo\">\n<div id=\"pppSlot11\" class=\" lazyloaded\" data-gpt=\"\/22675780113\/nota\/new_p5_cuerpo\" data-size=\"[[728, 90]]\" data-gpt-mobile=\"\/22675780113\/nota\/new_p5_cuerpo\" data-size-mobile=\"[[300, 250],[300, 100],[300, 50]]\" data-expand=\"300\"><\/div>\n<\/div>\n<ul>\n<li>Tel\u00e9fonos: (03774) 423927 \/ 15639934 (lunes a viernes de 7 a 13 h)<\/li>\n<li>Registro \u00danico de Aspirantes a Guarda con Fines Adoptivos (RUACtes):\u00a0registroadopcion@juscorrientes.gov.ar<\/li>\n<li>Tel\u00e9fono: (03794) 4104298 \/ Direcci\u00f3n: Carlos Pellegrini 917, Entrepiso, Corrientes Capital.<\/li>\n<\/ul>\n<h2 class=\"h2\">Una oportunidad para cambiar una vida<\/h2>\n<p>Desde el\u00a0<strong>Poder Judicial\u00a0<\/strong>recordaron que la\u00a0<strong>adopci\u00f3n\u00a0<\/strong>es un\u00a0<strong>acto de amor\u00a0<\/strong>y\u00a0<strong>responsabilidad<\/strong>, y que cada postulaci\u00f3n consciente puede abrir la puerta a un\u00a0<strong>nuevo futuro<\/strong>.<\/p>\n<p>Adoptar no es solo brindar un techo, sino ofrecer acompa\u00f1amiento, escucha y un proyecto de vida compartido.<\/p>\n","protected":false},"excerpt":{"rendered":"<p>El Juzgado de Curuz\u00fa Cuati\u00e1 y el RUA Corrientes invitan\u00a0 a personas de todo el pa\u00eds a postularse para brindarles un hogar. El Poder Judicial de Corrientes, a trav\u00e9s del\u00a0Juzgado de Familia, Ni\u00f1ez y Adolescencia\u00a0de\u00a0Curuz\u00fa Cuati\u00e1\u00a0y\u00a0el Registro \u00danico de Aspirantes a Guarda con Fines Adoptivos\u00a0(RUACtes), lanz\u00f3\u00a0dos convocatorias p\u00fablicas\u00a0para quienes deseen brindar un hogar a \u201cMarina\u201d, [&hellip;]<\/p>\n","protected":false},"author":2,"featured_media":2149,"comment_status":"open","ping_status":"open","sticky":false,"template":"","format":"standard","meta":{"footnotes":""},"categories":[78],"tags":[],"class_list":{"0":"post-2148","1":"post","2":"type-post","3":"status-publish","4":"format-standard","5":"has-post-thumbnail","7":"category-generales"},"_links":{"self":[{"href":"https:\/\/elpueblonoticia.com.ar\/web\/wp-json\/wp\/v2\/posts\/2148","targetHints":{"allow":["GET"]}}],"collection":[{"href":"https:\/\/elpueblonoticia.com.ar\/web\/wp-json\/wp\/v2\/posts"}],"about":[{"href":"https:\/\/elpueblonoticia.com.ar\/web\/wp-json\/wp\/v2\/types\/post"}],"author":[{"embeddable":true,"href":"https:\/\/elpueblonoticia.com.ar\/web\/wp-json\/wp\/v2\/users\/2"}],"replies":[{"embeddable":true,"href":"https:\/\/elpueblonoticia.com.ar\/web\/wp-json\/wp\/v2\/comments?post=2148"}],"version-history":[{"count":0,"href":"https:\/\/elpueblonoticia.com.ar\/web\/wp-json\/wp\/v2\/posts\/2148\/revisions"}],"wp:featuredmedia":[{"embeddable":true,"href":"https:\/\/elpueblonoticia.com.ar\/web\/wp-json\/wp\/v2\/media\/2149"}],"wp:attachment":[{"href":"https:\/\/elpueblonoticia.com.ar\/web\/wp-json\/wp\/v2\/media?parent=2148"}],"wp:term":[{"taxonomy":"category","embeddable":true,"href":"https:\/\/elpueblonoticia.com.ar\/web\/wp-json\/wp\/v2\/categories?post=2148"},{"taxonomy":"post_tag","embeddable":true,"href":"https:\/\/elpueblonoticia.com.ar\/web\/wp-json\/wp\/v2\/tags?post=2148"}],"curies":[{"name":"wp","href":"https:\/\/api.w.org\/{rel}","templated":true}]}}