{"id":2140,"date":"2025-10-20T11:42:28","date_gmt":"2025-10-20T14:42:28","guid":{"rendered":"https:\/\/elpueblonoticia.com.ar\/web\/?p=2140"},"modified":"2025-10-20T11:42:28","modified_gmt":"2025-10-20T14:42:28","slug":"seis-anos-de-prision-efectiva-para-un-policia-por-violencia-de-genero","status":"publish","type":"post","link":"https:\/\/elpueblonoticia.com.ar\/web\/2025\/10\/20\/seis-anos-de-prision-efectiva-para-un-policia-por-violencia-de-genero\/","title":{"rendered":"Seis a\u00f1os de prisi\u00f3n efectiva para un polic\u00eda por violencia de g\u00e9nero"},"content":{"rendered":"<p>Un Juez de Paso de los Libres, encontr\u00f3 culpable a un ex efectivo policial por ejercer violencia f\u00edsica contra su expareja y retomar la convivencia pese a una restricci\u00f3n dictada por el Juzgado de Familia. El magistrado destac\u00f3 que \u201ces indispensable analizar con perspectiva de g\u00e9nero\u201d para comprender la dimensi\u00f3n del da\u00f1o causado.<\/p>\n<p>El Juez Unipersonal de la Cuarta Circunscripci\u00f3n Judicial de Corrientes, a cargo de Marcelo Ram\u00f3n Fleitas, dict\u00f3 sentencia condenatoria contra un ex efectivo de la Polic\u00eda de Corrientes, por hechos de violencia de g\u00e9nero cometidos contra su expareja.<\/p>\n<p>La resoluci\u00f3n fue dictada el 16 de octubre de 2025, en la ciudad de Paso de los Libres, y dispuso una pena de seis a\u00f1os de prisi\u00f3n de cumplimiento efectivo, adem\u00e1s de comunicar la decisi\u00f3n al Ministerio de Seguridad provincial y al Registro de Condenados por Delitos de Violencia de G\u00e9nero.<\/p>\n<h2 class=\"wp-block-heading\"><strong>Los hechos<\/strong><\/h2>\n<p>De acuerdo con lo probado en el debate, el primer hecho ocurri\u00f3 el 3 de septiembre de 2022 en el domicilio familiar de la v\u00edctima, en un barrio de la ciudad fornteriza.<\/p>\n<p>Esa madrugada, el hombre agredi\u00f3 f\u00edsicamente a su concubina, a quien tom\u00f3 del cuello, la arroj\u00f3 al suelo y le caus\u00f3 una fractura costal y un traumatismo renal, lesiones calificadas como graves.<\/p>\n<p>El segundo hecho tuvo lugar entre enero y agosto de 2023, cuando el acusado retom\u00f3 la convivencia con su expareja, desobedeciendo una orden judicial de restricci\u00f3n de acercamiento dictada por el Juzgado de Familia a cargo de la doctora Marta Legarreta.<\/p>\n<p>Los delitos fueron calificados como lesiones graves doblemente agravadas por el v\u00ednculo y por mediar violencia de g\u00e9nero, y desobediencia judicial en contexto de violencia de g\u00e9nero, en concurso real.<\/p>\n<h2 class=\"wp-block-heading\"><strong>Argumentos del juez<\/strong><\/h2>\n<p>En el fallo, el magistrado Marcelo Ram\u00f3n Fleitas fundament\u00f3 su decisi\u00f3n destacando la obligaci\u00f3n de juzgar los hechos con enfoque de g\u00e9nero y cit\u00f3 precedentes del Superior Tribunal de Justicia.<\/p>\n<p>\u201cPor la naturaleza de los delitos y la modalidad de los hechos, debo analizarlos con perspectiva de g\u00e9nero. Se observa violencia de g\u00e9nero y el ciclo de la misma como se explicara en el memorial de la sentencia\u201d, sostuvo.<\/p>\n<p>El juez remarc\u00f3 que este tipo de an\u00e1lisis es necesario para \u201ccomprender la real dimensi\u00f3n del flagelo que importa el fen\u00f3meno de la violencia construida en un derrotero de subordinaci\u00f3n hacia la mujer\u201d, citando adem\u00e1s la Convenci\u00f3n de Belem do Par\u00e1 y la Ley 26.485 de Protecci\u00f3n Integral a las Mujeres.<\/p>\n<p>Durante los fundamentos de la pena, el Tribunal valor\u00f3 la gravedad de los hechos, el da\u00f1o f\u00edsico y psicol\u00f3gico sufrido por la v\u00edctima, y el aprovechamiento de la fuerza f\u00edsica y conocimientos t\u00e9cnicos propios de la funci\u00f3n policial para ejercer violencia. Tambi\u00e9n destac\u00f3 la persistencia de la conducta pese a existir una orden judicial de restricci\u00f3n.<\/p>\n","protected":false},"excerpt":{"rendered":"<p>Un Juez de Paso de los Libres, encontr\u00f3 culpable a un ex efectivo policial por ejercer violencia f\u00edsica contra su expareja y retomar la convivencia pese a una restricci\u00f3n dictada por el Juzgado de Familia. El magistrado destac\u00f3 que \u201ces indispensable analizar con perspectiva de g\u00e9nero\u201d para comprender la dimensi\u00f3n del da\u00f1o causado. El Juez [&hellip;]<\/p>\n","protected":false},"author":2,"featured_media":2141,"comment_status":"open","ping_status":"open","sticky":false,"template":"","format":"standard","meta":{"footnotes":""},"categories":[77],"tags":[],"class_list":{"0":"post-2140","1":"post","2":"type-post","3":"status-publish","4":"format-standard","5":"has-post-thumbnail","7":"category-paso-de-los-libres"},"_links":{"self":[{"href":"https:\/\/elpueblonoticia.com.ar\/web\/wp-json\/wp\/v2\/posts\/2140","targetHints":{"allow":["GET"]}}],"collection":[{"href":"https:\/\/elpueblonoticia.com.ar\/web\/wp-json\/wp\/v2\/posts"}],"about":[{"href":"https:\/\/elpueblonoticia.com.ar\/web\/wp-json\/wp\/v2\/types\/post"}],"author":[{"embeddable":true,"href":"https:\/\/elpueblonoticia.com.ar\/web\/wp-json\/wp\/v2\/users\/2"}],"replies":[{"embeddable":true,"href":"https:\/\/elpueblonoticia.com.ar\/web\/wp-json\/wp\/v2\/comments?post=2140"}],"version-history":[{"count":0,"href":"https:\/\/elpueblonoticia.com.ar\/web\/wp-json\/wp\/v2\/posts\/2140\/revisions"}],"wp:featuredmedia":[{"embeddable":true,"href":"https:\/\/elpueblonoticia.com.ar\/web\/wp-json\/wp\/v2\/media\/2141"}],"wp:attachment":[{"href":"https:\/\/elpueblonoticia.com.ar\/web\/wp-json\/wp\/v2\/media?parent=2140"}],"wp:term":[{"taxonomy":"category","embeddable":true,"href":"https:\/\/elpueblonoticia.com.ar\/web\/wp-json\/wp\/v2\/categories?post=2140"},{"taxonomy":"post_tag","embeddable":true,"href":"https:\/\/elpueblonoticia.com.ar\/web\/wp-json\/wp\/v2\/tags?post=2140"}],"curies":[{"name":"wp","href":"https:\/\/api.w.org\/{rel}","templated":true}]}}