{"id":2106,"date":"2025-10-20T09:04:52","date_gmt":"2025-10-20T12:04:52","guid":{"rendered":"https:\/\/elpueblonoticia.com.ar\/web\/?p=2106"},"modified":"2025-10-20T09:04:52","modified_gmt":"2025-10-20T12:04:52","slug":"rodrigo-paz-gano-y-se-convirtio-en-el-presidente-electo-de-bolivia","status":"publish","type":"post","link":"https:\/\/elpueblonoticia.com.ar\/web\/2025\/10\/20\/rodrigo-paz-gano-y-se-convirtio-en-el-presidente-electo-de-bolivia\/","title":{"rendered":"Rodrigo Paz gan\u00f3 y se convirti\u00f3 en el presidente electo de Bolivia"},"content":{"rendered":"<p><img decoding=\"async\" src=\"https:\/\/www.radiosudamericana.com\/notix\/multimedia\/imagenes\/fotos\/2025-10-20\/957830.jpg_nota.jpg\" \/><\/p>\n<p><img decoding=\"async\" src=\"https:\/\/www.radiosudamericana.com\/notix\/multimedia\/imagenes\/fotos\/2025-10-20\/563213.jpg_nota.jpg\" \/><\/p>\n<p><img decoding=\"async\" src=\"https:\/\/www.radiosudamericana.com\/notix\/multimedia\/imagenes\/fotos\/2025-10-20\/813821.jpg_nota.jpg\" \/><\/p>\n<p>EN UN HIST\u00d3RICO BALOTAJE<\/p>\n<p>Con el 97% de los votos preliminares escrutados, el candidato del Partido Dem\u00f3crata Cristiano obtuvo m\u00e1s del 54% de los votos, frente al 45% de Jorge Tuto Quiroga. El pr\u00f3ximo 8 de noviembre asumir\u00e1 el cargo para dar inicio a una nueva etapa del pa\u00eds tras m\u00e1s de dos d\u00e9cadas del MAS en el poder.<\/p>\n<p>Despu\u00e9s de semanas de intensa campa\u00f1a y debates sobre el rumbo econ\u00f3mico y pol\u00edtico del pa\u00eds, Bolivia eligi\u00f3 este domingo a su nuevo presidente. Los resultados preliminares del\u00a0Tribunal Supremo Electoral (TSE)\u00a0marcan el triunfo del\u00a0senador centrista Rodrigo Paz Pereira,\u00a0quien asumir\u00e1 el desaf\u00edo de gobernar en un contexto de crisis econ\u00f3mica y polarizaci\u00f3n social.<\/p>\n<p>Con el\u00a097% de los votos escrutados preliminarmente,\u00a0Paz,\u00a0candidato\u00a0del Partido Dem\u00f3crata Cristiano (PDC), se impuso sobre\u00a0el ex presidente Jorge Quiroga (2001-2002) de Libre,\u00a0con el 54.53% de votos frente a al 45.47%.<\/p>\n<p>En su primer discurso como presidente electo,\u00a0Paz llam\u00f3 a la unidad y dijo estar dispuesto a trabajar con \u201ctodos los hombres y mujeres que quieran a la patria\u201d.<\/p>\n<p>El vencedor de las elecciones agradeci\u00f3 a los presidentes de la regi\u00f3n que lo llamaron para expresar sus felicitaciones y afirmo que \u201cBolivia vuelve a recuperar paso a paso su escenario internacional\u201d.<\/p>\n<p>El candidato a vicepresidente,\u00a0Edmand Lara, fue el primer candidato en dar declaraciones p\u00fablicas con un mensaje de conciliaci\u00f3n. \u201cHoy el pueblo nos da la oportunidad de gobernar Bolivia para todos,\u00a0llamo a la unidad y a la reconciliaci\u00f3n de los bolivianos\u201d, manifest\u00f3. \u201cSe acab\u00f3 la campa\u00f1a pol\u00edtica, hay que trabajar por Bolivia, la patria est\u00e1 primero\u201d, agreg\u00f3.<\/p>\n<p>Al reconocer su derrota, Quiroga manifest\u00f3 que llam\u00f3 al presidente electo para expresarle sus felicitaciones y descart\u00f3 indicios de fraude en la votaci\u00f3n. \u201cEntiendo el dolor que nos embarga,\u00a0cr\u00e9anme que si tuvi\u00e9ramos una evidencia sist\u00e9mica (de fraude) la pondr\u00edamos sobre la mesa\u201d, afirm\u00f3. El ex presidente agradeci\u00f3 a su equipo y manifest\u00f3 que \u201cle duele no poder hacer por Bolivia lo que Bolivia merece\u201d.<\/p>\n<div class=\"wp-block-image\"><\/div>\n<p>La in\u00e9dita segunda vuelta presidencial consolida el cierre de un ciclo pol\u00edtico dominado por el\u00a0Movimiento Al Socialismo (MAS), con Evo Morales y Luis Arce. El frente que gobierna el pa\u00eds desde 2006 con excepci\u00f3n de un a\u00f1o fue derrotado en la primera vuelta de agosto, cuando obtuvo apenas el 3,1% de los votos.<\/p>\n<p>Dentro de tres semanas,\u00a0el presidente Arce entregar\u00e1 el mando de un pa\u00eds en recesi\u00f3n y sumido en una profunda crisis econ\u00f3mica\u00a0a ra\u00edz del desplome de la industria de los hidrocarburos, que era su principal fuente de ingresos. Desde hace m\u00e1s de dos a\u00f1os que los bolivianos experimentan una subida constante de los precios, periodos de escasez de combustible y una crisis cambiaria por falta d\u00f3lares en el mercado.<\/p>\n<p>En ese contexto, las propuestas econ\u00f3micas dominaron el debate pol\u00edtico en estas elecciones con m\u00e1s puntos en com\u00fan que desacuerdos.\u00a0Paz centr\u00f3 su propuesta en la reducci\u00f3n del gasto fiscal, la redistribuci\u00f3n del presupuesto nacional en favor de las regiones y reformas tributarias bajo el concepto de \u201ccapitalismo para todos\u201d.\u00a0A diferencia de su adversario, el presidente electo descart\u00f3 acudir en primera instancia a los organismos de financiamiento externo y apuesta por una mejor administraci\u00f3n fiscal porque \u201ccuando no se roba, la plata alcanza\u201d.<\/p>\n<p>\u201cEs un gobierno que va entrar a apagar un incendio que ya est\u00e1 propag\u00e1ndose. Hay muchos temas por abordar, como la reforma institucional de la justicia, pero todos van a quedar subsumidos a segundo o tercer plano, porque lo que\u00a0tiene que abordar el pr\u00f3ximo gobierno es la emergencia econ\u00f3mica\u201d, advirti\u00f3 el analista y consultor en comunicaci\u00f3n pol\u00edtica,\u00a0Carlos Saavedra.<\/p>\n<div class=\"wp-block-image\"><\/div>\n<p>Lo que preocupa a los analistas es lo que vaya a pasar el d\u00eda despu\u00e9s de la posesi\u00f3n del pr\u00f3ximo gobernante, debido a que ninguna fuerza pol\u00edtica tiene mayor\u00eda parlamentaria y\u00a0para algunas reformas estructurales se necesitan consensos de dos tercios. En la votaci\u00f3n del 17 de agosto qued\u00f3 conformada la Asamblea Legislativa Plurinacional con seis partidos y Saavedra apunta que\u00a0no solo hay fragmentaci\u00f3n parlamentaria, sino tambi\u00e9n dentro de los frentes pol\u00edticos por las diferentes corrientes\u00a0internas.<\/p>\n<p>Con el anuncio de los resultados,\u00a0Bolivia inicia una nueva etapa pol\u00edtica marcada por expectativas y desaf\u00edos. El presidente electo asumir\u00e1 el mandato en un contexto de crisis y con alta polarizaci\u00f3n social, mientras la poblaci\u00f3n aguarda que el nuevo gobierno traduzca su victoria en estabilidad, di\u00e1logo y soluciones a las demandas m\u00e1s urgentes del pa\u00eds.<\/p>\n","protected":false},"excerpt":{"rendered":"<p>EN UN HIST\u00d3RICO BALOTAJE Con el 97% de los votos preliminares escrutados, el candidato del Partido Dem\u00f3crata Cristiano obtuvo m\u00e1s del 54% de los votos, frente al 45% de Jorge Tuto Quiroga. El pr\u00f3ximo 8 de noviembre asumir\u00e1 el cargo para dar inicio a una nueva etapa del pa\u00eds tras m\u00e1s de dos d\u00e9cadas del [&hellip;]<\/p>\n","protected":false},"author":2,"featured_media":2107,"comment_status":"open","ping_status":"open","sticky":false,"template":"","format":"standard","meta":{"footnotes":""},"categories":[81],"tags":[],"class_list":{"0":"post-2106","1":"post","2":"type-post","3":"status-publish","4":"format-standard","5":"has-post-thumbnail","7":"category-internacionales"},"_links":{"self":[{"href":"https:\/\/elpueblonoticia.com.ar\/web\/wp-json\/wp\/v2\/posts\/2106","targetHints":{"allow":["GET"]}}],"collection":[{"href":"https:\/\/elpueblonoticia.com.ar\/web\/wp-json\/wp\/v2\/posts"}],"about":[{"href":"https:\/\/elpueblonoticia.com.ar\/web\/wp-json\/wp\/v2\/types\/post"}],"author":[{"embeddable":true,"href":"https:\/\/elpueblonoticia.com.ar\/web\/wp-json\/wp\/v2\/users\/2"}],"replies":[{"embeddable":true,"href":"https:\/\/elpueblonoticia.com.ar\/web\/wp-json\/wp\/v2\/comments?post=2106"}],"version-history":[{"count":0,"href":"https:\/\/elpueblonoticia.com.ar\/web\/wp-json\/wp\/v2\/posts\/2106\/revisions"}],"wp:featuredmedia":[{"embeddable":true,"href":"https:\/\/elpueblonoticia.com.ar\/web\/wp-json\/wp\/v2\/media\/2107"}],"wp:attachment":[{"href":"https:\/\/elpueblonoticia.com.ar\/web\/wp-json\/wp\/v2\/media?parent=2106"}],"wp:term":[{"taxonomy":"category","embeddable":true,"href":"https:\/\/elpueblonoticia.com.ar\/web\/wp-json\/wp\/v2\/categories?post=2106"},{"taxonomy":"post_tag","embeddable":true,"href":"https:\/\/elpueblonoticia.com.ar\/web\/wp-json\/wp\/v2\/tags?post=2106"}],"curies":[{"name":"wp","href":"https:\/\/api.w.org\/{rel}","templated":true}]}}