{"id":2102,"date":"2025-10-20T08:52:54","date_gmt":"2025-10-20T11:52:54","guid":{"rendered":"https:\/\/elpueblonoticia.com.ar\/web\/?p=2102"},"modified":"2025-10-20T08:52:54","modified_gmt":"2025-10-20T11:52:54","slug":"farmaceuticos-en-alerta-cae-hasta-un-17-la-venta-de-medicamentos","status":"publish","type":"post","link":"https:\/\/elpueblonoticia.com.ar\/web\/2025\/10\/20\/farmaceuticos-en-alerta-cae-hasta-un-17-la-venta-de-medicamentos\/","title":{"rendered":"FARMAC\u00c9UTICOS EN ALERTA: Cae hasta un 17% la venta de medicamentos"},"content":{"rendered":"<p>Solo restan d\u00edas para finalizar octubre, y desde el sector de las peque\u00f1as y medianas farmacias alertaron sobre una fuerte ca\u00edda en la venta de medicamentos. Se\u00f1alaron que el bajo nivel adquisitivo de las personas afecta de manera directa en la comercializaci\u00f3n.<\/p>\n<div class=\"contenido\">\n<div id=\"modalFulltext\">\n<div>Respecto al tema, en di\u00e1logo con EL LIBERTADOR, el referente del Colegio Farmac\u00e9utico de Corrientes, Ricardo Guillermo Peris asegur\u00f3 que \u00abestamos en una baja bastante significativa, entre un 15 y un 17 por ciento\u00bb, y que incluso \u00abmes a mes disminuye la cantidad de recetas m\u00e9dicas\u00bb, advirti\u00f3.<\/div>\n<div><\/div>\n<div>Debido a este contexto actual dijo \u00abo la gente se enferma menos, o directamente no va al m\u00e9dico, porque realmente estamos viendo desde colegio farmac\u00e9utico, una baja significativa en las prescripciones m\u00e9dicas\u00bb.<\/div>\n<div><\/div>\n<div>Tambi\u00e9n record\u00f3 que la \u00faltima vez que tuvieron un aumento del consumo fue en los meses de invierno, entre junio y julio.<\/div>\n<div><\/div>\n<div><b>MIRADAS Y PERSPECTIVAS<\/b><\/div>\n<div><\/div>\n<div>En este sentido, desde el sector sostienen que el principal factor que incide en las personas para la compra de medicamentos es el bajo nivel adquisitivo.<\/div>\n<div><\/div>\n<div>\u00abEstamos observando en el mostrador que no te llevan m\u00e1s las cajas, sino te llevan fraccionado, y es preocupante, si bien los precios est\u00e1n bastante quietos, pero lo que no hay es consumo\u00bb, relat\u00f3, y que \u00abtodo lo que es baja en venta, por supuesto, baja tu rentabilidad y, por lo tanto, baja tu stock. Cada vez compran menos, todo el mundo necesita vender, ninguna droguer\u00eda llega al estimado de venta que le imponen los due\u00f1os y, bueno, pero es toda una cadena de comercializaci\u00f3n donde realmente no hay consumo\u00bb, enfatiz\u00f3.<\/div>\n<div><\/div>\n<div><b>ENTRE DESCUENTOS<\/b><\/div>\n<div><\/div>\n<div>Por otra parte, Peris ejemplific\u00f3 el gasto promedio de las personas en las farmacias. En la cual, dio a conocer que \u00ablos jubilados que tienen alguna enfermedad cr\u00f3nica, hipertensi\u00f3n, arterial, diabetes, todo eso tienen el 100 por ciento, es decir, que pr\u00e1cticamente la farmacia entrega nom\u00e1s y no cobra nada, todo hay que facturar al Pami y esperar que te paguen a los 35 o 40 d\u00edas\u00bb.<\/div>\n<div><\/div>\n<div>Asimismo, continu\u00f3 con que \u00abahora un afiliado de Pami que compra alg\u00fan antibi\u00f3tico o un analg\u00e9sico, ten\u00e9s que calcularle que el precio promedio que va a gastar con descuento del 50 o del 60 por ciento, m\u00e1s o menos entre 35 mil y 50 mil pesos. Pero el precio promedio hoy en d\u00eda est\u00e1 en 18 mil pesos de cada medicamento, y de ah\u00ed ten\u00e9s que despu\u00e9s multiplicar por dos, por tres, depende cu\u00e1nto es la prescripci\u00f3n y el descuento que le corresponde\u00bb.<\/div>\n<\/div>\n<div>\n<div id=\"117986-4\"><\/div>\n<div id=\"117986-6\"><\/div>\n<div id=\"117986-3\"><\/div>\n<\/div>\n<\/div>\n<div class=\"modalRedes\"><\/div>\n","protected":false},"excerpt":{"rendered":"<p>Solo restan d\u00edas para finalizar octubre, y desde el sector de las peque\u00f1as y medianas farmacias alertaron sobre una fuerte ca\u00edda en la venta de medicamentos. Se\u00f1alaron que el bajo nivel adquisitivo de las personas afecta de manera directa en la comercializaci\u00f3n. Respecto al tema, en di\u00e1logo con EL LIBERTADOR, el referente del Colegio Farmac\u00e9utico [&hellip;]<\/p>\n","protected":false},"author":2,"featured_media":2103,"comment_status":"open","ping_status":"open","sticky":false,"template":"","format":"standard","meta":{"footnotes":""},"categories":[78],"tags":[],"class_list":{"0":"post-2102","1":"post","2":"type-post","3":"status-publish","4":"format-standard","5":"has-post-thumbnail","7":"category-generales"},"_links":{"self":[{"href":"https:\/\/elpueblonoticia.com.ar\/web\/wp-json\/wp\/v2\/posts\/2102","targetHints":{"allow":["GET"]}}],"collection":[{"href":"https:\/\/elpueblonoticia.com.ar\/web\/wp-json\/wp\/v2\/posts"}],"about":[{"href":"https:\/\/elpueblonoticia.com.ar\/web\/wp-json\/wp\/v2\/types\/post"}],"author":[{"embeddable":true,"href":"https:\/\/elpueblonoticia.com.ar\/web\/wp-json\/wp\/v2\/users\/2"}],"replies":[{"embeddable":true,"href":"https:\/\/elpueblonoticia.com.ar\/web\/wp-json\/wp\/v2\/comments?post=2102"}],"version-history":[{"count":0,"href":"https:\/\/elpueblonoticia.com.ar\/web\/wp-json\/wp\/v2\/posts\/2102\/revisions"}],"wp:featuredmedia":[{"embeddable":true,"href":"https:\/\/elpueblonoticia.com.ar\/web\/wp-json\/wp\/v2\/media\/2103"}],"wp:attachment":[{"href":"https:\/\/elpueblonoticia.com.ar\/web\/wp-json\/wp\/v2\/media?parent=2102"}],"wp:term":[{"taxonomy":"category","embeddable":true,"href":"https:\/\/elpueblonoticia.com.ar\/web\/wp-json\/wp\/v2\/categories?post=2102"},{"taxonomy":"post_tag","embeddable":true,"href":"https:\/\/elpueblonoticia.com.ar\/web\/wp-json\/wp\/v2\/tags?post=2102"}],"curies":[{"name":"wp","href":"https:\/\/api.w.org\/{rel}","templated":true}]}}